{"id":7746,"date":"2024-05-22T15:04:33","date_gmt":"2024-05-22T15:04:33","guid":{"rendered":"https:\/\/mfc08.de\/?p=7746"},"modified":"2024-05-22T15:04:35","modified_gmt":"2024-05-22T15:04:35","slug":"letzter-spieltag-unserer-f-junioren","status":"publish","type":"post","link":"https:\/\/mfc08.de\/?p=7746","title":{"rendered":"Letzter Spieltag unserer F Junioren"},"content":{"rendered":"\n<p>Am Samstag, 11. Mai, haben beide Mannschaften der F-Jugend sehr erfolgreich ihre letzten Spieltage absolviert, was uns als Trainer sehr freut.<br>Sowohl die F1 (5:2 gg K\u00e4fertal, 3:3 gg L\u00fctzelsachsen, 3:2 gg Oftersheim, 9:1 gg Ph\u00f6nix) in L\u00fctzelsachsen als auch die F2 (3:1 gg Schriesheim, 4:2 gg Viernheim, 5:1 gg Br\u00fchl, 3:4 gg K\u00e4fertal) in Viernheim haben ihre Spieltage insgesamt gewonnen.<\/p>\n\n\n\n<p>Wir haben versucht allen Kindern die M\u00f6glichkeit zu geben, zumindest an einem Spieltag, Turnier oder Freundschaftsspiel teilzunehmen.<br>Bei mittlerweile \u00fcber 30 Kindern nicht immer ganz einfach.<br>Aus Trainerperspektive ist es nat\u00fcrlich eine Genugtuung zu sehen, wie sich die Kinder weiterentwickeln.<br>Damit dieser Prozess weiterhin positiv verlaufen kann, sind wir bei der Planung der n\u00e4chsten Saison.<br>Der 15er Jahrgang wird ab Sommer in die E-Jugend aufsteigen.<br>Der 16er und 17er Jahrgang werden in der F-Jugend verbleiben und sind gut ger\u00fcstet f\u00fcr eine weitere Saison in der F-Jugend.<br>Der 15er Jahrgang ist relativ gro\u00df, sodass wir voraussichtlich zwei Mannschaften anmelden werden, damit wir wieder so viele Kinder wie m\u00f6glich einsetzen k\u00f6nnen.<br>Burcu, Martin, Daniel, Darius, Marco und ich beabsichtigen die zuk\u00fcnftige E-Jugend weiter zu trainieren.<\/p>\n\n\n\n<p>Zu den Trainingszeiten:<br>Der Dienstag steht schon einmal fest. Ob wir dann donnerstags oder freitags trainieren werden, h\u00e4ngt von den Platzbedingungen ab.<\/p>\n\n\n\n<p>Zum Schluss m\u00f6chte ich mich noch herzlich bei meinen Trainerkollegen Burcu, Martin, Daniel, Darius und Marco f\u00fcr ihren Einsatz bedanken. Dieses ehrenamtliche Engagement ist nicht selbstverst\u00e4ndlich.<\/p>\n\n\n\n<p>Wir freuen auf zahlreiche Turniere bis zu den Sommerferien und bauen weiterhin auf die Unterst\u00fctzung aller Eltern.<\/p>\n","protected":false},"excerpt":{"rendered":"<p>Am Samstag, 11. Mai, haben beide Mannschaften der F-Jugend sehr erfolgreich ihre letzten Spieltage absolviert, was uns als Trainer sehr freut.Sowohl die F1 (5:2 gg K\u00e4fertal, 3:3 gg L\u00fctzelsachsen, 3:2 gg Oftersheim, 9:1 gg Ph\u00f6nix) in L\u00fctzelsachsen als auch die F2 (3:1 gg Schriesheim, 4:2 gg Viernheim, 5:1 gg Br\u00fchl, 3:4 gg K\u00e4fertal) in Viernheim&hellip;&nbsp;<a href=\"https:\/\/mfc08.de\/?p=7746\" rel=\"bookmark\">Weiterlesen &raquo;<span class=\"screen-reader-text\">Letzter Spieltag unserer F Junioren<\/span><\/a><\/p>\n","protected":false},"author":9,"featured_media":7747,"comment_status":"closed","ping_status":"closed","sticky":false,"template":"","format":"standard","meta":{"neve_meta_sidebar":"","neve_meta_container":"","neve_meta_enable_content_width":"","neve_meta_content_width":0,"neve_meta_title_alignment":"","neve_meta_author_avatar":"","neve_post_elements_order":"","neve_meta_disable_header":"","neve_meta_disable_footer":"","neve_meta_disable_title":"","_themeisle_gutenberg_block_has_review":false,"footnotes":""},"categories":[11,1],"tags":[],"class_list":["post-7746","post","type-post","status-publish","format-standard","has-post-thumbnail","hentry","category-jugend","category-uncategorized"],"_links":{"self":[{"href":"https:\/\/mfc08.de\/index.php?rest_route=\/wp\/v2\/posts\/7746","targetHints":{"allow":["GET"]}}],"collection":[{"href":"https:\/\/mfc08.de\/index.php?rest_route=\/wp\/v2\/posts"}],"about":[{"href":"https:\/\/mfc08.de\/index.php?rest_route=\/wp\/v2\/types\/post"}],"author":[{"embeddable":true,"href":"https:\/\/mfc08.de\/index.php?rest_route=\/wp\/v2\/users\/9"}],"replies":[{"embeddable":true,"href":"https:\/\/mfc08.de\/index.php?rest_route=%2Fwp%2Fv2%2Fcomments&post=7746"}],"version-history":[{"count":1,"href":"https:\/\/mfc08.de\/index.php?rest_route=\/wp\/v2\/posts\/7746\/revisions"}],"predecessor-version":[{"id":7748,"href":"https:\/\/mfc08.de\/index.php?rest_route=\/wp\/v2\/posts\/7746\/revisions\/7748"}],"wp:featuredmedia":[{"embeddable":true,"href":"https:\/\/mfc08.de\/index.php?rest_route=\/wp\/v2\/media\/7747"}],"wp:attachment":[{"href":"https:\/\/mfc08.de\/index.php?rest_route=%2Fwp%2Fv2%2Fmedia&parent=7746"}],"wp:term":[{"taxonomy":"category","embeddable":true,"href":"https:\/\/mfc08.de\/index.php?rest_route=%2Fwp%2Fv2%2Fcategories&post=7746"},{"taxonomy":"post_tag","embeddable":true,"href":"https:\/\/mfc08.de\/index.php?rest_route=%2Fwp%2Fv2%2Ftags&post=7746"}],"curies":[{"name":"wp","href":"https:\/\/api.w.org\/{rel}","templated":true}]}}