{"id":7751,"date":"2024-05-26T20:58:54","date_gmt":"2024-05-26T20:58:54","guid":{"rendered":"https:\/\/mfc08.de\/?p=7751"},"modified":"2024-05-26T20:58:58","modified_gmt":"2024-05-26T20:58:58","slug":"mfc-08-lindenhof-spvgg-ilvesheim-22-10","status":"publish","type":"post","link":"https:\/\/mfc08.de\/?p=7751","title":{"rendered":"MFC 08 Lindenhof \u2013 Spvgg Ilvesheim 2:2 (1:0)"},"content":{"rendered":"\n<p>Auch im letzten Heimspiel der Saison kam die erste Mannschaft gegen die Spvgg Ilvesheim nicht \u00fcber ein 2:2 (1:0) und bleibt in diesem Jahr ohne Heimsieg<\/p>\n\n\n\n<p>Es war von Anfang an deutlich zu merken, dass es f\u00fcr beide Mannschaften um nichts mehr ging. Beide Mannschaften neutralisierten sich weitgehend und so pl\u00e4tscherte das Spiel ziemlich ereignislos vor sich hin. Die erste M\u00f6glichkeit bot sich den G\u00e4sten, aber Ben Koppelmann konnte gegen einen frei vor ihm auftauchenden St\u00fcrmer kl\u00e4ren. Kurz vor der Pause dann doch die F\u00fchrung f\u00fcr unsere Elf. Nach einem sch\u00f6nen Spielzug \u00fcber Tobias Baumann und Eric Lutz verwertete Ivan Vlaho die Hereingabe zur 1:0 Pausenf\u00fchrung. Doch schon kurz nach der Pause profitierten die G\u00e4ste von einer Unachtsamkeit in der Abwehr und konnten den Ausgleich erzielen. In der Folgezeit unser Team zwar optisch \u00fcberlegen, aber ohne sich richtige Chancen zu erspielen. Statt dessen ging Ilvesheim nach einem Konter per Kopfball in F\u00fchrung. Bei einem Schuss von Tobias Baumann reagierte der Ilvesheimer Torwart stark, aber sonst tat sich unsere Elf weiter schwer Torgefahr auszustrahlen. In der Nachspielzeit gab es dann noch einen Freisto\u00df im Halbfeld und die Hereingabe von Marcel Fe\u00dfler verwertete Daniel Zimmermann mit dem Kopf zum Ausgleich. Das Spiel wurde danach gar nicht mehr angepfiffen.<\/p>\n\n\n\n<p>Das letzte, bedeutungslose &nbsp;Saisonspiel bestreitet die Mannschaft am Donnerstag beim FV Leutershausen &nbsp;<\/p>\n","protected":false},"excerpt":{"rendered":"<p>Auch im letzten Heimspiel der Saison kam die erste Mannschaft gegen die Spvgg Ilvesheim nicht \u00fcber ein 2:2 (1:0) und bleibt in diesem Jahr ohne Heimsieg Es war von Anfang an deutlich zu merken, dass es f\u00fcr beide Mannschaften um nichts mehr ging. Beide Mannschaften neutralisierten sich weitgehend und so pl\u00e4tscherte das Spiel ziemlich ereignislos&hellip;&nbsp;<a href=\"https:\/\/mfc08.de\/?p=7751\" rel=\"bookmark\">Weiterlesen &raquo;<span class=\"screen-reader-text\">MFC 08 Lindenhof \u2013 Spvgg Ilvesheim 2:2 (1:0)<\/span><\/a><\/p>\n","protected":false},"author":5,"featured_media":7038,"comment_status":"closed","ping_status":"closed","sticky":false,"template":"","format":"standard","meta":{"neve_meta_sidebar":"","neve_meta_container":"","neve_meta_enable_content_width":"","neve_meta_content_width":0,"neve_meta_title_alignment":"","neve_meta_author_avatar":"","neve_post_elements_order":"","neve_meta_disable_header":"","neve_meta_disable_footer":"","neve_meta_disable_title":"","_themeisle_gutenberg_block_has_review":false,"footnotes":""},"categories":[3],"tags":[],"class_list":["post-7751","post","type-post","status-publish","format-standard","has-post-thumbnail","hentry","category-1-mannschaft"],"_links":{"self":[{"href":"https:\/\/mfc08.de\/index.php?rest_route=\/wp\/v2\/posts\/7751","targetHints":{"allow":["GET"]}}],"collection":[{"href":"https:\/\/mfc08.de\/index.php?rest_route=\/wp\/v2\/posts"}],"about":[{"href":"https:\/\/mfc08.de\/index.php?rest_route=\/wp\/v2\/types\/post"}],"author":[{"embeddable":true,"href":"https:\/\/mfc08.de\/index.php?rest_route=\/wp\/v2\/users\/5"}],"replies":[{"embeddable":true,"href":"https:\/\/mfc08.de\/index.php?rest_route=%2Fwp%2Fv2%2Fcomments&post=7751"}],"version-history":[{"count":1,"href":"https:\/\/mfc08.de\/index.php?rest_route=\/wp\/v2\/posts\/7751\/revisions"}],"predecessor-version":[{"id":7752,"href":"https:\/\/mfc08.de\/index.php?rest_route=\/wp\/v2\/posts\/7751\/revisions\/7752"}],"wp:featuredmedia":[{"embeddable":true,"href":"https:\/\/mfc08.de\/index.php?rest_route=\/wp\/v2\/media\/7038"}],"wp:attachment":[{"href":"https:\/\/mfc08.de\/index.php?rest_route=%2Fwp%2Fv2%2Fmedia&parent=7751"}],"wp:term":[{"taxonomy":"category","embeddable":true,"href":"https:\/\/mfc08.de\/index.php?rest_route=%2Fwp%2Fv2%2Fcategories&post=7751"},{"taxonomy":"post_tag","embeddable":true,"href":"https:\/\/mfc08.de\/index.php?rest_route=%2Fwp%2Fv2%2Ftags&post=7751"}],"curies":[{"name":"wp","href":"https:\/\/api.w.org\/{rel}","templated":true}]}}