{"id":7779,"date":"2024-06-09T10:17:52","date_gmt":"2024-06-09T10:17:52","guid":{"rendered":"https:\/\/mfc08.de\/?p=7779"},"modified":"2024-06-09T10:17:54","modified_gmt":"2024-06-09T10:17:54","slug":"aktionstag-08-06-2024-auf-dem-08er","status":"publish","type":"post","link":"https:\/\/mfc08.de\/?p=7779","title":{"rendered":"Aktionstag 08.06.2024 auf dem 08er"},"content":{"rendered":"\n<p>Bei bestem Sommerwetter und rechtzeitig vor unserem diesj\u00e4hrigen Sommerfest trafen sich zahlreiche flei\u00dfige Helfer auf dem 08er zu einem Aktionstag.<\/p>\n\n\n\n<p>Wir haben gemeinsam das Vereinsgel\u00e4nde von einigem Unrat befreit. Alte Tore wurden zerkleinert und zur Abfuhr bereitgestellt. Unsere Verkaufsk\u00fcche wurde gereinigt und aufger\u00e4umt. Gr\u00fcn- und Holzabf\u00e4lle wurden abgefahren.<\/p>\n\n\n\n<p>Die Pflanzsteine am Jugendcontainer wurden neu und komplett verlegt. Der Au\u00dfenbereich am Container wurde ges\u00e4ubert.<\/p>\n\n\n\n<p>Wir danken allen Helfern f\u00fcr die tatkr\u00e4ftige Unterst\u00fctzung.<\/p>\n\n\n\n<p>Einige Akteure fehlen leider auf dem Gruppenbild, da diese beim Fototermin noch au\u00dferhalb des Vereinsgel\u00e4ndes im Einsatz waren.<\/p>\n\n\n\n<p>RN \u2013 08.06.2024<\/p>\n","protected":false},"excerpt":{"rendered":"<p>Bei bestem Sommerwetter und rechtzeitig vor unserem diesj\u00e4hrigen Sommerfest trafen sich zahlreiche flei\u00dfige Helfer auf dem 08er zu einem Aktionstag. Wir haben gemeinsam das Vereinsgel\u00e4nde von einigem Unrat befreit. Alte Tore wurden zerkleinert und zur Abfuhr bereitgestellt. Unsere Verkaufsk\u00fcche wurde gereinigt und aufger\u00e4umt. Gr\u00fcn- und Holzabf\u00e4lle wurden abgefahren. Die Pflanzsteine am Jugendcontainer wurden neu und&hellip;&nbsp;<a href=\"https:\/\/mfc08.de\/?p=7779\" rel=\"bookmark\">Weiterlesen &raquo;<span class=\"screen-reader-text\">Aktionstag 08.06.2024 auf dem 08er<\/span><\/a><\/p>\n","protected":false},"author":9,"featured_media":7780,"comment_status":"closed","ping_status":"closed","sticky":false,"template":"","format":"standard","meta":{"neve_meta_sidebar":"","neve_meta_container":"","neve_meta_enable_content_width":"","neve_meta_content_width":0,"neve_meta_title_alignment":"","neve_meta_author_avatar":"","neve_post_elements_order":"","neve_meta_disable_header":"","neve_meta_disable_footer":"","neve_meta_disable_title":"","_themeisle_gutenberg_block_has_review":false,"footnotes":""},"categories":[11,1],"tags":[],"class_list":["post-7779","post","type-post","status-publish","format-standard","has-post-thumbnail","hentry","category-jugend","category-uncategorized"],"_links":{"self":[{"href":"https:\/\/mfc08.de\/index.php?rest_route=\/wp\/v2\/posts\/7779","targetHints":{"allow":["GET"]}}],"collection":[{"href":"https:\/\/mfc08.de\/index.php?rest_route=\/wp\/v2\/posts"}],"about":[{"href":"https:\/\/mfc08.de\/index.php?rest_route=\/wp\/v2\/types\/post"}],"author":[{"embeddable":true,"href":"https:\/\/mfc08.de\/index.php?rest_route=\/wp\/v2\/users\/9"}],"replies":[{"embeddable":true,"href":"https:\/\/mfc08.de\/index.php?rest_route=%2Fwp%2Fv2%2Fcomments&post=7779"}],"version-history":[{"count":1,"href":"https:\/\/mfc08.de\/index.php?rest_route=\/wp\/v2\/posts\/7779\/revisions"}],"predecessor-version":[{"id":7781,"href":"https:\/\/mfc08.de\/index.php?rest_route=\/wp\/v2\/posts\/7779\/revisions\/7781"}],"wp:featuredmedia":[{"embeddable":true,"href":"https:\/\/mfc08.de\/index.php?rest_route=\/wp\/v2\/media\/7780"}],"wp:attachment":[{"href":"https:\/\/mfc08.de\/index.php?rest_route=%2Fwp%2Fv2%2Fmedia&parent=7779"}],"wp:term":[{"taxonomy":"category","embeddable":true,"href":"https:\/\/mfc08.de\/index.php?rest_route=%2Fwp%2Fv2%2Fcategories&post=7779"},{"taxonomy":"post_tag","embeddable":true,"href":"https:\/\/mfc08.de\/index.php?rest_route=%2Fwp%2Fv2%2Ftags&post=7779"}],"curies":[{"name":"wp","href":"https:\/\/api.w.org\/{rel}","templated":true}]}}