{"id":7790,"date":"2024-06-13T06:06:30","date_gmt":"2024-06-13T06:06:30","guid":{"rendered":"https:\/\/mfc08.de\/?p=7790"},"modified":"2024-06-13T06:06:32","modified_gmt":"2024-06-13T06:06:32","slug":"d2-feiert-saisonabschluss-mit-meisterschaft","status":"publish","type":"post","link":"https:\/\/mfc08.de\/?p=7790","title":{"rendered":"D2 feiert Saisonabschluss mit Meisterschaft"},"content":{"rendered":"\n<p>Die D2 (Jahrgang 2012) des MFC 08 Lindenhof hat die Saison 2023\/24 als Meister der Kreisklasse Staffel 5 abgeschlossen und aus diesem Anlass am letzten Freitag nochmal geb\u00fchrend gefeiert.<\/p>\n\n\n\n<p>Zum ersten Mal im 7+1 und auf ungewohnt gro\u00dfem Halbfeld spielen? Und dazu noch als reiner 2012er Jahrgang gegen Teams, die teilweise schon ein Jahr Erfahrung in der D-Jugend mitbringen? Gespannt auf die neue Herausforderung startete unsere D2 im Herbst 2023 in ihre erste D-Jugend-Saison. Gleich im ersten Spiel war mit dem SSV Vogelstang ein Team zu Gast, das zum Gro\u00dfteil aus Spielern des Jahrgangs 2011 bestand. Trotz einer 3:5-Niederlage stand am Ende die Erkenntnis, dass man auch in der D-Jugend gut mithalten kann. Das gab Selbstvertrauen f\u00fcr die weiteren Aufgaben, sodass sich das Team von Spiel zu Spiel steigerte und am Ende der Hinrunde einen guten 5. Platz in Staffel 7 belegte.<\/p>\n\n\n\n<p>Zur R\u00fcckrunde wurde unsere D2 um 2 Staffeln hochgestuft und trat nun in Staffel 5 an. Wieder zeigte die Mannschaft im ersten Spiel gro\u00dfen Respekt vor dem Gegner und tat sich schwer, gewann am Ende aber hochverdient mit 1:0 in L\u00fctzelsachsen. Auch in den folgenden Spielen blieb sie ungeschlagen. Drei Spieltage vor Saisonende stand unsere D2 schlie\u00dflich punktgleich mit zwei weiteren ungeschlagenen Mannschaften auf Platz 3. Diese beiden Mannschaften sollten nun auch die n\u00e4chsten Gegner sein. Beim 3:0 Ausw\u00e4rts-Sieg in Ketsch zeigte das Team seine beste Saisonleistung und trat somit am vorletzten Spieltag als Spitzenreiter zum entscheidenden Heimspiel gegen die SG Viernheim an. Auch dieses intensive Spiel konnte unsere D2 knapp f\u00fcr sich entscheiden und sicherte sich so schon am vorletzten Spieltag die Meisterschaft, auch wenn das Abschlussspiel in Hohensachsen noch knapp verloren ging.<\/p>\n\n\n\n<p>Bei der Saisonabschlussfeier in unserer Vereinsgastst\u00e4tte herrschte ausgelassene Stimmung und gro\u00dfe Vorfreude auf die kommenden Aufgaben in der D-Jugend, in der unsere Kids in der n\u00e4chsten Saison dann selbst zu den Erfahrenen z\u00e4hlen werden.&nbsp; FR 06-2024<\/p>\n","protected":false},"excerpt":{"rendered":"<p>Die D2 (Jahrgang 2012) des MFC 08 Lindenhof hat die Saison 2023\/24 als Meister der Kreisklasse Staffel 5 abgeschlossen und aus diesem Anlass am letzten Freitag nochmal geb\u00fchrend gefeiert. Zum ersten Mal im 7+1 und auf ungewohnt gro\u00dfem Halbfeld spielen? Und dazu noch als reiner 2012er Jahrgang gegen Teams, die teilweise schon ein Jahr Erfahrung&hellip;&nbsp;<a href=\"https:\/\/mfc08.de\/?p=7790\" rel=\"bookmark\">Weiterlesen &raquo;<span class=\"screen-reader-text\">D2 feiert Saisonabschluss mit Meisterschaft<\/span><\/a><\/p>\n","protected":false},"author":9,"featured_media":7791,"comment_status":"closed","ping_status":"closed","sticky":false,"template":"","format":"standard","meta":{"neve_meta_sidebar":"","neve_meta_container":"","neve_meta_enable_content_width":"","neve_meta_content_width":0,"neve_meta_title_alignment":"","neve_meta_author_avatar":"","neve_post_elements_order":"","neve_meta_disable_header":"","neve_meta_disable_footer":"","neve_meta_disable_title":"","_themeisle_gutenberg_block_has_review":false,"footnotes":""},"categories":[11,1],"tags":[],"class_list":["post-7790","post","type-post","status-publish","format-standard","has-post-thumbnail","hentry","category-jugend","category-uncategorized"],"_links":{"self":[{"href":"https:\/\/mfc08.de\/index.php?rest_route=\/wp\/v2\/posts\/7790","targetHints":{"allow":["GET"]}}],"collection":[{"href":"https:\/\/mfc08.de\/index.php?rest_route=\/wp\/v2\/posts"}],"about":[{"href":"https:\/\/mfc08.de\/index.php?rest_route=\/wp\/v2\/types\/post"}],"author":[{"embeddable":true,"href":"https:\/\/mfc08.de\/index.php?rest_route=\/wp\/v2\/users\/9"}],"replies":[{"embeddable":true,"href":"https:\/\/mfc08.de\/index.php?rest_route=%2Fwp%2Fv2%2Fcomments&post=7790"}],"version-history":[{"count":1,"href":"https:\/\/mfc08.de\/index.php?rest_route=\/wp\/v2\/posts\/7790\/revisions"}],"predecessor-version":[{"id":7792,"href":"https:\/\/mfc08.de\/index.php?rest_route=\/wp\/v2\/posts\/7790\/revisions\/7792"}],"wp:featuredmedia":[{"embeddable":true,"href":"https:\/\/mfc08.de\/index.php?rest_route=\/wp\/v2\/media\/7791"}],"wp:attachment":[{"href":"https:\/\/mfc08.de\/index.php?rest_route=%2Fwp%2Fv2%2Fmedia&parent=7790"}],"wp:term":[{"taxonomy":"category","embeddable":true,"href":"https:\/\/mfc08.de\/index.php?rest_route=%2Fwp%2Fv2%2Fcategories&post=7790"},{"taxonomy":"post_tag","embeddable":true,"href":"https:\/\/mfc08.de\/index.php?rest_route=%2Fwp%2Fv2%2Ftags&post=7790"}],"curies":[{"name":"wp","href":"https:\/\/api.w.org\/{rel}","templated":true}]}}