{"id":7797,"date":"2024-06-18T14:16:21","date_gmt":"2024-06-18T14:16:21","guid":{"rendered":"https:\/\/mfc08.de\/?p=7797"},"modified":"2024-06-18T14:16:22","modified_gmt":"2024-06-18T14:16:22","slug":"vw-cup-auf-dem-dfb-campus","status":"publish","type":"post","link":"https:\/\/mfc08.de\/?p=7797","title":{"rendered":"VW-CUP auf dem DFB Campus"},"content":{"rendered":"\n<p>Die F-Jugend durfte am 8. Juni als einzige Mannschaft aus Mannheim und der Region am renommierten VW-CUP auf dem DFB-Campus teilnehmen.<br>Das vom DFB organisierte Turnier, an dem Vereine aus ganz Deutschland teilnahmen, begann schon vor dem ersten offiziellen Spiel sehr spannend. Unser Team durfte sich mit professionellen DFB Trainern auf das Turnier vorbereiten.<br>W\u00e4hrend dem Turnier im 3gegen3 und 4+1 Format spielte unsere Mannschaft gegen Teams aus verschiedenen Bundesl\u00e4ndern und wusste als w\u00fcrdiger Vertreter aus Mannheim und Baden-W\u00fcrttemberg zu \u00fcberzeugen.<br>Als Belohnung bekamen alle Kinder Originaltrikots der Deutschen Nationalmannschaft und durften Fotos mit dem EM-Pokal machen. Nach einem gelungenen Tag und mit einem breiten L\u00e4cheln in ihren Gesichtern kehrten die Kids &amp; Eltern m\u00fcde aber gl\u00fccklich wieder zur\u00fcck nach Mannheim<\/p>\n","protected":false},"excerpt":{"rendered":"<p>Die F-Jugend durfte am 8. Juni als einzige Mannschaft aus Mannheim und der Region am renommierten VW-CUP auf dem DFB-Campus teilnehmen.Das vom DFB organisierte Turnier, an dem Vereine aus ganz Deutschland teilnahmen, begann schon vor dem ersten offiziellen Spiel sehr spannend. Unser Team durfte sich mit professionellen DFB Trainern auf das Turnier vorbereiten.W\u00e4hrend dem Turnier&hellip;&nbsp;<a href=\"https:\/\/mfc08.de\/?p=7797\" rel=\"bookmark\">Weiterlesen &raquo;<span class=\"screen-reader-text\">VW-CUP auf dem DFB Campus<\/span><\/a><\/p>\n","protected":false},"author":9,"featured_media":7798,"comment_status":"closed","ping_status":"closed","sticky":false,"template":"","format":"standard","meta":{"neve_meta_sidebar":"","neve_meta_container":"","neve_meta_enable_content_width":"","neve_meta_content_width":0,"neve_meta_title_alignment":"","neve_meta_author_avatar":"","neve_post_elements_order":"","neve_meta_disable_header":"","neve_meta_disable_footer":"","neve_meta_disable_title":"","_themeisle_gutenberg_block_has_review":false,"footnotes":""},"categories":[11,1],"tags":[],"class_list":["post-7797","post","type-post","status-publish","format-standard","has-post-thumbnail","hentry","category-jugend","category-uncategorized"],"_links":{"self":[{"href":"https:\/\/mfc08.de\/index.php?rest_route=\/wp\/v2\/posts\/7797","targetHints":{"allow":["GET"]}}],"collection":[{"href":"https:\/\/mfc08.de\/index.php?rest_route=\/wp\/v2\/posts"}],"about":[{"href":"https:\/\/mfc08.de\/index.php?rest_route=\/wp\/v2\/types\/post"}],"author":[{"embeddable":true,"href":"https:\/\/mfc08.de\/index.php?rest_route=\/wp\/v2\/users\/9"}],"replies":[{"embeddable":true,"href":"https:\/\/mfc08.de\/index.php?rest_route=%2Fwp%2Fv2%2Fcomments&post=7797"}],"version-history":[{"count":1,"href":"https:\/\/mfc08.de\/index.php?rest_route=\/wp\/v2\/posts\/7797\/revisions"}],"predecessor-version":[{"id":7799,"href":"https:\/\/mfc08.de\/index.php?rest_route=\/wp\/v2\/posts\/7797\/revisions\/7799"}],"wp:featuredmedia":[{"embeddable":true,"href":"https:\/\/mfc08.de\/index.php?rest_route=\/wp\/v2\/media\/7798"}],"wp:attachment":[{"href":"https:\/\/mfc08.de\/index.php?rest_route=%2Fwp%2Fv2%2Fmedia&parent=7797"}],"wp:term":[{"taxonomy":"category","embeddable":true,"href":"https:\/\/mfc08.de\/index.php?rest_route=%2Fwp%2Fv2%2Fcategories&post=7797"},{"taxonomy":"post_tag","embeddable":true,"href":"https:\/\/mfc08.de\/index.php?rest_route=%2Fwp%2Fv2%2Ftags&post=7797"}],"curies":[{"name":"wp","href":"https:\/\/api.w.org\/{rel}","templated":true}]}}