{"id":7800,"date":"2024-06-18T19:49:39","date_gmt":"2024-06-18T19:49:39","guid":{"rendered":"https:\/\/mfc08.de\/?p=7800"},"modified":"2024-06-18T19:49:41","modified_gmt":"2024-06-18T19:49:41","slug":"mannheimer-eismanufaktur-sponsert-mfc-08-jugend","status":"publish","type":"post","link":"https:\/\/mfc08.de\/?p=7800","title":{"rendered":"Mannheimer Eismanufaktur sponsert MFC 08 Jugend"},"content":{"rendered":"\n<p>  <\/p>\n\n\n\n<p>Im Rahmen des Sommerfestes wurde der Sponsor und das Sponsoring der Mannheimer Eismanufaktur den Vereinsmitgliedern des 08er pr\u00e4sentiert.<\/p>\n\n\n\n<p>Cemil Yikilmaz (Bild Mitte) Inhaber der Mannheimer Eismanufaktur hat sich bereit erkl\u00e4rt, die gesamte Jugend mit neuen Trikots auszustatten. Des Weiteren k\u00f6nnen die Mitglieder der Jugendabteilung mit Unterst\u00fctzung des F\u00f6rdervereines und der Mannheimer Eismanufaktur&nbsp; neue Trainingsjacken erwerben. Beides wurde mit der Jugendleitung Sven Drauschke (Bild rechts), Robert Neudert (Bild links) und dem Vorsitzenden Uwe Jehle Ende Mai vereinbart.&nbsp; Im Namen aller Mitglieder der Jugendabteilung sagen wir herzlichen Dank.<\/p>\n\n\n\n<p>Beim Sommerfest wurde nicht nur die Vereinbarung pr\u00e4sentiert, sondern die Mannheimer Eismanufaktur war mit einem Eisstand vor Ort pr\u00e4sent. Der gut besuchte Stand spendete die gesamten Einnahmen des Tages an die Jugendabteilung. Wir bedanken uns \u00fcber eine Spende in H\u00f6he von 800\u20ac. Auch daf\u00fcr Sagen wir Herzlichen Dank.<\/p>\n","protected":false},"excerpt":{"rendered":"<p>Im Rahmen des Sommerfestes wurde der Sponsor und das Sponsoring der Mannheimer Eismanufaktur den Vereinsmitgliedern des 08er pr\u00e4sentiert. Cemil Yikilmaz (Bild Mitte) Inhaber der Mannheimer Eismanufaktur hat sich bereit erkl\u00e4rt, die gesamte Jugend mit neuen Trikots auszustatten. Des Weiteren k\u00f6nnen die Mitglieder der Jugendabteilung mit Unterst\u00fctzung des F\u00f6rdervereines und der Mannheimer Eismanufaktur&nbsp; neue Trainingsjacken erwerben.&hellip;&nbsp;<a href=\"https:\/\/mfc08.de\/?p=7800\" rel=\"bookmark\">Weiterlesen &raquo;<span class=\"screen-reader-text\">Mannheimer Eismanufaktur sponsert MFC 08 Jugend<\/span><\/a><\/p>\n","protected":false},"author":9,"featured_media":7801,"comment_status":"closed","ping_status":"closed","sticky":false,"template":"","format":"standard","meta":{"neve_meta_sidebar":"","neve_meta_container":"","neve_meta_enable_content_width":"","neve_meta_content_width":0,"neve_meta_title_alignment":"","neve_meta_author_avatar":"","neve_post_elements_order":"","neve_meta_disable_header":"","neve_meta_disable_footer":"","neve_meta_disable_title":"","_themeisle_gutenberg_block_has_review":false,"footnotes":""},"categories":[11,1],"tags":[],"class_list":["post-7800","post","type-post","status-publish","format-standard","has-post-thumbnail","hentry","category-jugend","category-uncategorized"],"_links":{"self":[{"href":"https:\/\/mfc08.de\/index.php?rest_route=\/wp\/v2\/posts\/7800","targetHints":{"allow":["GET"]}}],"collection":[{"href":"https:\/\/mfc08.de\/index.php?rest_route=\/wp\/v2\/posts"}],"about":[{"href":"https:\/\/mfc08.de\/index.php?rest_route=\/wp\/v2\/types\/post"}],"author":[{"embeddable":true,"href":"https:\/\/mfc08.de\/index.php?rest_route=\/wp\/v2\/users\/9"}],"replies":[{"embeddable":true,"href":"https:\/\/mfc08.de\/index.php?rest_route=%2Fwp%2Fv2%2Fcomments&post=7800"}],"version-history":[{"count":1,"href":"https:\/\/mfc08.de\/index.php?rest_route=\/wp\/v2\/posts\/7800\/revisions"}],"predecessor-version":[{"id":7802,"href":"https:\/\/mfc08.de\/index.php?rest_route=\/wp\/v2\/posts\/7800\/revisions\/7802"}],"wp:featuredmedia":[{"embeddable":true,"href":"https:\/\/mfc08.de\/index.php?rest_route=\/wp\/v2\/media\/7801"}],"wp:attachment":[{"href":"https:\/\/mfc08.de\/index.php?rest_route=%2Fwp%2Fv2%2Fmedia&parent=7800"}],"wp:term":[{"taxonomy":"category","embeddable":true,"href":"https:\/\/mfc08.de\/index.php?rest_route=%2Fwp%2Fv2%2Fcategories&post=7800"},{"taxonomy":"post_tag","embeddable":true,"href":"https:\/\/mfc08.de\/index.php?rest_route=%2Fwp%2Fv2%2Ftags&post=7800"}],"curies":[{"name":"wp","href":"https:\/\/api.w.org\/{rel}","templated":true}]}}