{"id":7817,"date":"2024-06-27T16:04:39","date_gmt":"2024-06-27T16:04:39","guid":{"rendered":"https:\/\/mfc08.de\/?p=7817"},"modified":"2024-06-27T16:04:40","modified_gmt":"2024-06-27T16:04:40","slug":"f1-und-f2-beim-erlerwoeppel-cup","status":"publish","type":"post","link":"https:\/\/mfc08.de\/?p=7817","title":{"rendered":"F1 und F2 beim ERLER&amp;W\u00d6PPEL CUP"},"content":{"rendered":"\n<p>Am 22. Juni nahm unsere F1 und F2 am ERLER &amp; W\u00d6PPEL Sommercup in K\u00e4fertal teil.<br>Gratulation an die F1, die alle Spiele gegen starke Gegner souver\u00e4n gewonnen hat  16:2 gegen SC K\u00e4fertal, 7:1 gegen SV Sandhausen, 6:1 gegen FC Dossenheim, 3:0 gegen VfB Gartenstadt.<br>Damit hat sie eindrucksvoll bewiesen, dass sie zu den st\u00e4rksten F-Jugendmannschaften in Mannheim z\u00e4hlt.<br>In den n\u00e4chsten Wochen warten spannende Turniere auf dir F1.<\/p>\n\n\n\n<p>Durch sehr starke Leistungen konnte sich unsere F 2 Mannschaft gegen die Gegner SV Obers\u00fclzen, Spvgg Wallstadt, K\u00e4fertal und Br\u00fchl durchsetzen (7:1 gegen SV Obers\u00fclzen, 5:3 gegen Spvgg Wallstadt, 2:0 gegen SC K\u00e4fertal, 4:3 gegen FV Br\u00fchl.)<\/p>\n\n\n\n<p>Gratulation an die F2, die alle Spiele gewonnen und damit den ersten Platz in der Gruppe errungen hat <br>weiter so..!<\/p>\n","protected":false},"excerpt":{"rendered":"<p>Am 22. Juni nahm unsere F1 und F2 am ERLER &amp; W\u00d6PPEL Sommercup in K\u00e4fertal teil.Gratulation an die F1, die alle Spiele gegen starke Gegner souver\u00e4n gewonnen hat 16:2 gegen SC K\u00e4fertal, 7:1 gegen SV Sandhausen, 6:1 gegen FC Dossenheim, 3:0 gegen VfB Gartenstadt.Damit hat sie eindrucksvoll bewiesen, dass sie zu den st\u00e4rksten F-Jugendmannschaften in&hellip;&nbsp;<a href=\"https:\/\/mfc08.de\/?p=7817\" rel=\"bookmark\">Weiterlesen &raquo;<span class=\"screen-reader-text\">F1 und F2 beim ERLER&amp;W\u00d6PPEL CUP<\/span><\/a><\/p>\n","protected":false},"author":9,"featured_media":7819,"comment_status":"closed","ping_status":"closed","sticky":false,"template":"","format":"standard","meta":{"neve_meta_sidebar":"","neve_meta_container":"","neve_meta_enable_content_width":"","neve_meta_content_width":0,"neve_meta_title_alignment":"","neve_meta_author_avatar":"","neve_post_elements_order":"","neve_meta_disable_header":"","neve_meta_disable_footer":"","neve_meta_disable_title":"","_themeisle_gutenberg_block_has_review":false,"footnotes":""},"categories":[11,1],"tags":[],"class_list":["post-7817","post","type-post","status-publish","format-standard","has-post-thumbnail","hentry","category-jugend","category-uncategorized"],"_links":{"self":[{"href":"https:\/\/mfc08.de\/index.php?rest_route=\/wp\/v2\/posts\/7817","targetHints":{"allow":["GET"]}}],"collection":[{"href":"https:\/\/mfc08.de\/index.php?rest_route=\/wp\/v2\/posts"}],"about":[{"href":"https:\/\/mfc08.de\/index.php?rest_route=\/wp\/v2\/types\/post"}],"author":[{"embeddable":true,"href":"https:\/\/mfc08.de\/index.php?rest_route=\/wp\/v2\/users\/9"}],"replies":[{"embeddable":true,"href":"https:\/\/mfc08.de\/index.php?rest_route=%2Fwp%2Fv2%2Fcomments&post=7817"}],"version-history":[{"count":1,"href":"https:\/\/mfc08.de\/index.php?rest_route=\/wp\/v2\/posts\/7817\/revisions"}],"predecessor-version":[{"id":7820,"href":"https:\/\/mfc08.de\/index.php?rest_route=\/wp\/v2\/posts\/7817\/revisions\/7820"}],"wp:featuredmedia":[{"embeddable":true,"href":"https:\/\/mfc08.de\/index.php?rest_route=\/wp\/v2\/media\/7819"}],"wp:attachment":[{"href":"https:\/\/mfc08.de\/index.php?rest_route=%2Fwp%2Fv2%2Fmedia&parent=7817"}],"wp:term":[{"taxonomy":"category","embeddable":true,"href":"https:\/\/mfc08.de\/index.php?rest_route=%2Fwp%2Fv2%2Fcategories&post=7817"},{"taxonomy":"post_tag","embeddable":true,"href":"https:\/\/mfc08.de\/index.php?rest_route=%2Fwp%2Fv2%2Ftags&post=7817"}],"curies":[{"name":"wp","href":"https:\/\/api.w.org\/{rel}","templated":true}]}}