{"id":7826,"date":"2024-07-14T17:33:03","date_gmt":"2024-07-14T17:33:03","guid":{"rendered":"https:\/\/mfc08.de\/?p=7826"},"modified":"2024-07-14T17:33:05","modified_gmt":"2024-07-14T17:33:05","slug":"die-e2-gewinnt-den-imforum-cup-vom-vfr-mannheim","status":"publish","type":"post","link":"https:\/\/mfc08.de\/?p=7826","title":{"rendered":"Die E2 gewinnt den ImForum-Cup vom VfR Mannheim"},"content":{"rendered":"\n<p>Unsere E2 (Jg. 2015) hat sich im renommierten Sommerturnier des VfR Mannheim am 6. Juli 2024 gegen starke Mannschaften aus Mannheim und Umgebung durchgesetzt und den ersten Platz belegt.<br>Als Anerkennung wurde den Kids ein sch\u00f6ner Pokal \u00fcberreicht, den die Kinder mit gro\u00dfer Freude entgegennahmen. Besonders erw\u00e4hnenswert ist der Umstand, dass es sich bei der Veranstaltung um das erste E-Jugendturnier unseres 2015er Jahrgangs handelte. So kann es (hoffentlich) weitergehen\u2026 &#x1f60a;<\/p>\n","protected":false},"excerpt":{"rendered":"<p>Unsere E2 (Jg. 2015) hat sich im renommierten Sommerturnier des VfR Mannheim am 6. Juli 2024 gegen starke Mannschaften aus Mannheim und Umgebung durchgesetzt und den ersten Platz belegt.Als Anerkennung wurde den Kids ein sch\u00f6ner Pokal \u00fcberreicht, den die Kinder mit gro\u00dfer Freude entgegennahmen. Besonders erw\u00e4hnenswert ist der Umstand, dass es sich bei der Veranstaltung&hellip;&nbsp;<a href=\"https:\/\/mfc08.de\/?p=7826\" rel=\"bookmark\">Weiterlesen &raquo;<span class=\"screen-reader-text\">Die E2 gewinnt den ImForum-Cup vom VfR Mannheim<\/span><\/a><\/p>\n","protected":false},"author":9,"featured_media":7827,"comment_status":"closed","ping_status":"closed","sticky":false,"template":"","format":"standard","meta":{"neve_meta_sidebar":"","neve_meta_container":"","neve_meta_enable_content_width":"","neve_meta_content_width":0,"neve_meta_title_alignment":"","neve_meta_author_avatar":"","neve_post_elements_order":"","neve_meta_disable_header":"","neve_meta_disable_footer":"","neve_meta_disable_title":"","_themeisle_gutenberg_block_has_review":false,"footnotes":""},"categories":[11,1],"tags":[],"class_list":["post-7826","post","type-post","status-publish","format-standard","has-post-thumbnail","hentry","category-jugend","category-uncategorized"],"_links":{"self":[{"href":"https:\/\/mfc08.de\/index.php?rest_route=\/wp\/v2\/posts\/7826","targetHints":{"allow":["GET"]}}],"collection":[{"href":"https:\/\/mfc08.de\/index.php?rest_route=\/wp\/v2\/posts"}],"about":[{"href":"https:\/\/mfc08.de\/index.php?rest_route=\/wp\/v2\/types\/post"}],"author":[{"embeddable":true,"href":"https:\/\/mfc08.de\/index.php?rest_route=\/wp\/v2\/users\/9"}],"replies":[{"embeddable":true,"href":"https:\/\/mfc08.de\/index.php?rest_route=%2Fwp%2Fv2%2Fcomments&post=7826"}],"version-history":[{"count":1,"href":"https:\/\/mfc08.de\/index.php?rest_route=\/wp\/v2\/posts\/7826\/revisions"}],"predecessor-version":[{"id":7828,"href":"https:\/\/mfc08.de\/index.php?rest_route=\/wp\/v2\/posts\/7826\/revisions\/7828"}],"wp:featuredmedia":[{"embeddable":true,"href":"https:\/\/mfc08.de\/index.php?rest_route=\/wp\/v2\/media\/7827"}],"wp:attachment":[{"href":"https:\/\/mfc08.de\/index.php?rest_route=%2Fwp%2Fv2%2Fmedia&parent=7826"}],"wp:term":[{"taxonomy":"category","embeddable":true,"href":"https:\/\/mfc08.de\/index.php?rest_route=%2Fwp%2Fv2%2Fcategories&post=7826"},{"taxonomy":"post_tag","embeddable":true,"href":"https:\/\/mfc08.de\/index.php?rest_route=%2Fwp%2Fv2%2Ftags&post=7826"}],"curies":[{"name":"wp","href":"https:\/\/api.w.org\/{rel}","templated":true}]}}