{"id":7903,"date":"2024-07-21T18:31:07","date_gmt":"2024-07-21T18:31:07","guid":{"rendered":"https:\/\/mfc08.de\/?p=7903"},"modified":"2024-07-21T21:50:03","modified_gmt":"2024-07-21T21:50:03","slug":"der-ball-rollt-wieder-3","status":"publish","type":"post","link":"https:\/\/mfc08.de\/?p=7903","title":{"rendered":"Der Ball rollt wieder"},"content":{"rendered":"\n<p>Die aktiven Mannschaften haben ihre Sommerpause beendet und die Vorbereitung auf die neue Saison gestartet.<\/p>\n\n\n\n<p>Der Umbruch in der ersten Mannschaft fiel doch etwas gr\u00f6sser aus, als wir zun\u00e4chst angenommen hatten. Neben dem Trainergespann Patrick Heinzelmann\/Mathias Pfitzner haben insgesamt 12 Spieler den Verein verlassen. Yusuf Demirci, Enis Kajtazovic (beide Srbija Mannheim), Ivan Vlaho, Aleksandar Markovic (beide Spvg Ketsch), Eric Lutz (SV 98 Schwetzingen) und Nemanja Markovic (VfL Kurpfalz Neckarau) zieht es jeweils eine Klasse h\u00f6her, in die Landesliga. Dar\u00fcber hinaus wechselte mit Marcel Fe\u00dfler, Tobias Baumann, Maurice K\u00fchnl und Patrick Piontek gleich ein Quartett zum Liga-Konkurrenten Spvgg Wallstadt. Ben Koppelmann und Tim Bissinger verlassen Mannheim studienbedingt und stehen daher nicht mehr zur Verf\u00fcgung.<\/p>\n\n\n\n<p>Im Gegenzug kann der neue Trainer Giuseppe Carotenuto mit seinem Co-Trainer Steven Kuhnhold insgesamt aber auch 12 externe Neuzug\u00e4nge begr\u00fc\u00dfen. Die Neuzug\u00e4nge sind Erges Azizi und Mateo Atacan (beide VfR Mannheim 2), Konstantin Ivanov Stefanov, Noah Miftari (beide SC Pfingstberg-Hochst\u00e4tt), Domenico Mangione (VfB Leimen), Abdallah Bdiwi (Spvgg Ketsch), Marko Markovic, Kevin Obina Nnaji (beide SV Enosis Mannheim), Lennart Bayer, Alexander Kraus (beide SV98\/07 Seckenheim), Sorinel Gavrila (FV 08 Hockenheim), Mincho Ivanov Stefanov (FV Br\u00fchl Jugend) und Karl Geiser, der von der FG 03 Mombach zur\u00fcckkehrt. Des weiteren werden mit Tim Glette und Max Siegmann zwei Spieler aus der eigenen Jugend in den Kader integriert. Auch mit diesem stark ver\u00e4nderten Kader haben wir die Hoffnung einen Platz im sicheren Mittelfeld der Kreisliga zu erreichen und die ersten bereits ausgetragenen Freundschaftsspiele gegen die Heidelberger Kreisligisten ASC Neuenheim 2 (1:1) und FT Kirchheim (3:3) geben durchaus Anlass zur Hoffnung.<\/p>\n\n\n\n<p>Die zweite Mannschaft, die weiterhin von Benjamin Ahsmann trainiert wird geht ohne gr\u00f6ssere personelle Ver\u00e4nderungen in die neue Saison und hier ist das Saisonziel an die beiden guten Vorsaisons anzuschlie\u00dfen und erneut nichts mit dem Abstieg zu tun zu haben.<\/p>\n\n\n\n<p>F\u00fcr beide Mannschaften beginnt die Saison am 1,9, am 4.8. startet bereits der Kreispokal.<\/p>\n\n\n\n<p>Hier eine \u00dcbersicht der vereinbarten Freundschaftsspiele, durch den Pokal k\u00f6nnen sich hier noch \u00c4nderungen ergeben.<\/p>\n\n\n\n<figure class=\"wp-block-table\"><table class=\"has-fixed-layout\"><tbody><tr><td>Sonntag<\/td><td>14.07.24<\/td><td>14.00 Uhr<\/td><td>MFC 08 Lindenhof &#8211; ASC Neuenheim 2<\/td><td>1:1<\/td><\/tr><tr><td>Dienstag<\/td><td>16.07.24<\/td><td>19.00 Uhr<\/td><td>FT Kirchheim &#8211; MFC 08 Lindenhof<\/td><td>3:3<\/td><\/tr><tr><td>Sonntag<\/td><td>04.08.24<\/td><td>14.00 Uhr<\/td><td>Polizei SV Mannheim &#8211; MFC 08 Lindenhof&nbsp; (Pokal)<\/td><td><\/td><\/tr><tr><td>Sonntag<\/td><td>11.08.24<\/td><td>13.30 Uhr<\/td><td>MFC 08 Lindenhof &#8211; Spvgg Ketsch (oder Pokal)<\/td><td>&nbsp;<\/td><\/tr><tr><td>Sonntag<\/td><td>18.08.24<\/td><td>15.00 Uhr<\/td><td>MFC 08 Lindenhof &#8211; FV 08 Hockenheim (oder Pokal)<\/td><td><\/td><\/tr><tr><td>Sonntag<\/td><td>25.08.24<\/td><td>14.00 Uhr<\/td><td>SG Viernheim &#8211; MFC 08 Lindenhof (oder Pokal)<\/td><td><\/td><\/tr><tr><td>Sonntag<\/td><td>01.09.24<\/td><td>15.00 Uhr<\/td><td>FV 03 Ladenburg &#8211; MFC 08 Lindenhof (1. Punkspiel)<\/td><td><\/td><\/tr><\/tbody><\/table><\/figure>\n\n\n\n<figure class=\"wp-block-table\"><table class=\"has-fixed-layout\"><tbody><tr><td>Sonntag<\/td><td>28.07.24<\/td><td>13.00 Uhr<\/td><td>MFC 08 Lindenhof 2 &#8211; SKV Sandhofen 2<\/td><\/tr><tr><td>Sonntag<\/td><td>04.08.24<\/td><td>14.00 Uhr<\/td><td>VfL Hockenheim &#8211; MFC 08 Lindenhof&nbsp; (Pokal)<\/td><\/tr><tr><td>Sonntag<\/td><td>11.08.24<\/td><td>13.00 Uhr<\/td><td>FC Viktoria Neckarhausen &#8211; MFC 08 Lindenhof 2 (oder Pokal)<\/td><\/tr><tr><td>Sonntag<\/td><td>18.08.24<\/td><td>12.00 Uhr<\/td><td>MFC 08 Lindenhof 2 &#8211; DJK Feudenheim&nbsp; (oder Pokal)<\/td><\/tr><tr><td>Sonntag<\/td><td>25.08.24<\/td><td>13.00 Uhr<\/td><td>SC Blumenau &#8211; MFC 08 Lindenhof 2&nbsp; (oder Pokal)<\/td><\/tr><tr><td>Sonntag<\/td><td>01.09.24<\/td><td>15.00 Uhr<\/td><td>SC Olympia Neulu\u00dfheim &#8211; MFC 08 Lindenhof 2 (1. Punkspiel)<\/td><\/tr><\/tbody><\/table><\/figure>\n","protected":false},"excerpt":{"rendered":"<p>Die aktiven Mannschaften haben ihre Sommerpause beendet und die Vorbereitung auf die neue Saison gestartet. Der Umbruch in der ersten Mannschaft fiel doch etwas gr\u00f6sser aus, als wir zun\u00e4chst angenommen hatten. Neben dem Trainergespann Patrick Heinzelmann\/Mathias Pfitzner haben insgesamt 12 Spieler den Verein verlassen. Yusuf Demirci, Enis Kajtazovic (beide Srbija Mannheim), Ivan Vlaho, Aleksandar Markovic&hellip;&nbsp;<a href=\"https:\/\/mfc08.de\/?p=7903\" rel=\"bookmark\">Weiterlesen &raquo;<span class=\"screen-reader-text\">Der Ball rollt wieder<\/span><\/a><\/p>\n","protected":false},"author":5,"featured_media":716,"comment_status":"closed","ping_status":"closed","sticky":false,"template":"","format":"standard","meta":{"neve_meta_sidebar":"","neve_meta_container":"","neve_meta_enable_content_width":"","neve_meta_content_width":0,"neve_meta_title_alignment":"","neve_meta_author_avatar":"","neve_post_elements_order":"","neve_meta_disable_header":"","neve_meta_disable_footer":"","neve_meta_disable_title":"","_themeisle_gutenberg_block_has_review":false,"footnotes":""},"categories":[3,5],"tags":[],"class_list":["post-7903","post","type-post","status-publish","format-standard","has-post-thumbnail","hentry","category-1-mannschaft","category-2-mannschaft"],"_links":{"self":[{"href":"https:\/\/mfc08.de\/index.php?rest_route=\/wp\/v2\/posts\/7903","targetHints":{"allow":["GET"]}}],"collection":[{"href":"https:\/\/mfc08.de\/index.php?rest_route=\/wp\/v2\/posts"}],"about":[{"href":"https:\/\/mfc08.de\/index.php?rest_route=\/wp\/v2\/types\/post"}],"author":[{"embeddable":true,"href":"https:\/\/mfc08.de\/index.php?rest_route=\/wp\/v2\/users\/5"}],"replies":[{"embeddable":true,"href":"https:\/\/mfc08.de\/index.php?rest_route=%2Fwp%2Fv2%2Fcomments&post=7903"}],"version-history":[{"count":2,"href":"https:\/\/mfc08.de\/index.php?rest_route=\/wp\/v2\/posts\/7903\/revisions"}],"predecessor-version":[{"id":7905,"href":"https:\/\/mfc08.de\/index.php?rest_route=\/wp\/v2\/posts\/7903\/revisions\/7905"}],"wp:featuredmedia":[{"embeddable":true,"href":"https:\/\/mfc08.de\/index.php?rest_route=\/wp\/v2\/media\/716"}],"wp:attachment":[{"href":"https:\/\/mfc08.de\/index.php?rest_route=%2Fwp%2Fv2%2Fmedia&parent=7903"}],"wp:term":[{"taxonomy":"category","embeddable":true,"href":"https:\/\/mfc08.de\/index.php?rest_route=%2Fwp%2Fv2%2Fcategories&post=7903"},{"taxonomy":"post_tag","embeddable":true,"href":"https:\/\/mfc08.de\/index.php?rest_route=%2Fwp%2Fv2%2Ftags&post=7903"}],"curies":[{"name":"wp","href":"https:\/\/api.w.org\/{rel}","templated":true}]}}