{"id":7906,"date":"2024-07-22T16:59:09","date_gmt":"2024-07-22T16:59:09","guid":{"rendered":"https:\/\/mfc08.de\/?p=7906"},"modified":"2024-07-22T16:59:11","modified_gmt":"2024-07-22T16:59:11","slug":"mfc-goes-moll-schulfest","status":"publish","type":"post","link":"https:\/\/mfc08.de\/?p=7906","title":{"rendered":"MFC goes Moll Schulfest"},"content":{"rendered":"\n<p>In Kooperation mit dem Moll-Gymnasium hat die E2 ein Freundschaftsturnier auf dem Moll-Rasen organisiert, an dem neben unserer F-Jugend der TSV Neckarau, VfL Neckarau und eine Auswahl der f\u00fcnften Klassen des Molls teilgenommen haben.<\/p>\n\n\n\n<p>Nach fairen und spannenden Spielen konnte sich die Moll-Auswahl vor unserer E-Jugend durchsetzen. Den dritten Platz belegte der VfL Neckarau vor TSV Neckarau.<\/p>\n\n\n\n<p>Als Belohnung bekamen die Teilnehmer bei der offiziellen Siegerehrung Medaillen und Pokale unseres Sponsors Mannheimer Eismanufaktur.<\/p>\n\n\n\n<p>Anl\u00e4sslich des Schulfestes hat die Jugendleitung und Trainer der D2-Jugend &nbsp;einen Stand aufgebaut und interessierten Kindern und Eltern Informationen zu unserem Verein gegeben. Au\u00dferdem konnten die Kinder an dem vom 08er aufgebauten H\u00fcttchen &#8211; &#8222;Schie\u00dfstand&#8220; ihre Fu\u00dfball Fertigkeiten unter Beweis stellen.<\/p>\n\n\n\n<p>F\u00fcr alle Beteiligte war der Tag &#8211; Schulgemeinschaft und unseren Verein &#8211; ein Riesenerfolg.<\/p>\n\n\n\n<p>Wir freuen uns auf das n\u00e4chste Mal und danken dem Moll Orga-Team und der Schulleitung. GT\/SD<\/p>\n","protected":false},"excerpt":{"rendered":"<p>In Kooperation mit dem Moll-Gymnasium hat die E2 ein Freundschaftsturnier auf dem Moll-Rasen organisiert, an dem neben unserer F-Jugend der TSV Neckarau, VfL Neckarau und eine Auswahl der f\u00fcnften Klassen des Molls teilgenommen haben. Nach fairen und spannenden Spielen konnte sich die Moll-Auswahl vor unserer E-Jugend durchsetzen. Den dritten Platz belegte der VfL Neckarau vor&hellip;&nbsp;<a href=\"https:\/\/mfc08.de\/?p=7906\" rel=\"bookmark\">Weiterlesen &raquo;<span class=\"screen-reader-text\">MFC goes Moll Schulfest<\/span><\/a><\/p>\n","protected":false},"author":9,"featured_media":7907,"comment_status":"closed","ping_status":"closed","sticky":false,"template":"","format":"standard","meta":{"neve_meta_sidebar":"","neve_meta_container":"","neve_meta_enable_content_width":"","neve_meta_content_width":0,"neve_meta_title_alignment":"","neve_meta_author_avatar":"","neve_post_elements_order":"","neve_meta_disable_header":"","neve_meta_disable_footer":"","neve_meta_disable_title":"","_themeisle_gutenberg_block_has_review":false,"footnotes":""},"categories":[11,1],"tags":[],"class_list":["post-7906","post","type-post","status-publish","format-standard","has-post-thumbnail","hentry","category-jugend","category-uncategorized"],"_links":{"self":[{"href":"https:\/\/mfc08.de\/index.php?rest_route=\/wp\/v2\/posts\/7906","targetHints":{"allow":["GET"]}}],"collection":[{"href":"https:\/\/mfc08.de\/index.php?rest_route=\/wp\/v2\/posts"}],"about":[{"href":"https:\/\/mfc08.de\/index.php?rest_route=\/wp\/v2\/types\/post"}],"author":[{"embeddable":true,"href":"https:\/\/mfc08.de\/index.php?rest_route=\/wp\/v2\/users\/9"}],"replies":[{"embeddable":true,"href":"https:\/\/mfc08.de\/index.php?rest_route=%2Fwp%2Fv2%2Fcomments&post=7906"}],"version-history":[{"count":1,"href":"https:\/\/mfc08.de\/index.php?rest_route=\/wp\/v2\/posts\/7906\/revisions"}],"predecessor-version":[{"id":7908,"href":"https:\/\/mfc08.de\/index.php?rest_route=\/wp\/v2\/posts\/7906\/revisions\/7908"}],"wp:featuredmedia":[{"embeddable":true,"href":"https:\/\/mfc08.de\/index.php?rest_route=\/wp\/v2\/media\/7907"}],"wp:attachment":[{"href":"https:\/\/mfc08.de\/index.php?rest_route=%2Fwp%2Fv2%2Fmedia&parent=7906"}],"wp:term":[{"taxonomy":"category","embeddable":true,"href":"https:\/\/mfc08.de\/index.php?rest_route=%2Fwp%2Fv2%2Fcategories&post=7906"},{"taxonomy":"post_tag","embeddable":true,"href":"https:\/\/mfc08.de\/index.php?rest_route=%2Fwp%2Fv2%2Ftags&post=7906"}],"curies":[{"name":"wp","href":"https:\/\/api.w.org\/{rel}","templated":true}]}}