{"id":7916,"date":"2024-08-01T17:49:30","date_gmt":"2024-08-01T17:49:30","guid":{"rendered":"https:\/\/mfc08.de\/?p=7916"},"modified":"2024-08-01T17:49:32","modified_gmt":"2024-08-01T17:49:32","slug":"unsere-bambinis-sind-los","status":"publish","type":"post","link":"https:\/\/mfc08.de\/?p=7916","title":{"rendered":"Unsere Bambinis sind los!"},"content":{"rendered":"\n<p>Am 14. Juli hatten wir einen aufregenden Tag, denn unsere Bambini-Mannschaften nahmen zum ersten Mal \u00fcberhaupt am Spieltag teil. Wir waren zu Gast beim SKV Sandhofen und traten mit zwei Mannschaften an. Die Jungs haben sich in den letzten Monaten enorm entwickelt und zeigten ihr K\u00f6nnen auf dem Platz. Obwohl es ihr erster Spieltag war, hielten sie sich wacker und hatten dabei auch noch sehr viel Spa\u00df.<\/p>\n\n\n\n<p>Am 27. Juli fand dann der zweite Spieltag statt, diesmal beim TuS Diedesfeld in Neustadt. Die Jungs waren hochmotiviert und hatten sichtlich Spa\u00df daran, ihr gelerntes K\u00f6nnen unter Beweis zu stellen. Es war ein erfolgreicher Tag f\u00fcr unsere Mannschaften, denn sie konnten ihre ersten Siege einfahren. Die Freude und der Stolz der Jungs waren deutlich zu sp\u00fcren.<\/p>\n\n\n\n<p>Nach den Spielen gab es noch einen gemeinsamen Ausflug zur Klausentalh\u00fctte. Sowohl die Kinder als auch die Eltern hatten dabei sehr viel Spa\u00df. Es war eine tolle Gelegenheit, um sich au\u00dferhalb des Spielfeldes besser kennenzulernen und gemeinsam sch\u00f6ne Momente zu erleben.<\/p>\n\n\n\n<p>Insgesamt waren die ersten Spieltage f\u00fcr unsere Bambinis ein gro\u00dfer Erfolg. Die Jungs haben gezeigt, dass sie sich sowohl spielerisch als auch als Team enorm weiterentwickelt haben. Wir sind stolz auf ihre Leistungen und freuen uns auf viele weitere spannende Spieltage in der Zukunft.<\/p>\n","protected":false},"excerpt":{"rendered":"<p>Am 14. Juli hatten wir einen aufregenden Tag, denn unsere Bambini-Mannschaften nahmen zum ersten Mal \u00fcberhaupt am Spieltag teil. Wir waren zu Gast beim SKV Sandhofen und traten mit zwei Mannschaften an. Die Jungs haben sich in den letzten Monaten enorm entwickelt und zeigten ihr K\u00f6nnen auf dem Platz. Obwohl es ihr erster Spieltag war,&hellip;&nbsp;<a href=\"https:\/\/mfc08.de\/?p=7916\" rel=\"bookmark\">Weiterlesen &raquo;<span class=\"screen-reader-text\">Unsere Bambinis sind los!<\/span><\/a><\/p>\n","protected":false},"author":9,"featured_media":7917,"comment_status":"closed","ping_status":"closed","sticky":false,"template":"","format":"standard","meta":{"neve_meta_sidebar":"","neve_meta_container":"","neve_meta_enable_content_width":"","neve_meta_content_width":0,"neve_meta_title_alignment":"","neve_meta_author_avatar":"","neve_post_elements_order":"[\"title\",\"meta\",\"tags\",\"comments\",\"thumbnail\",\"content\"]","neve_meta_disable_header":"","neve_meta_disable_footer":"","neve_meta_disable_title":"","_themeisle_gutenberg_block_has_review":false,"footnotes":""},"categories":[1],"tags":[],"class_list":["post-7916","post","type-post","status-publish","format-standard","has-post-thumbnail","hentry","category-uncategorized"],"_links":{"self":[{"href":"https:\/\/mfc08.de\/index.php?rest_route=\/wp\/v2\/posts\/7916","targetHints":{"allow":["GET"]}}],"collection":[{"href":"https:\/\/mfc08.de\/index.php?rest_route=\/wp\/v2\/posts"}],"about":[{"href":"https:\/\/mfc08.de\/index.php?rest_route=\/wp\/v2\/types\/post"}],"author":[{"embeddable":true,"href":"https:\/\/mfc08.de\/index.php?rest_route=\/wp\/v2\/users\/9"}],"replies":[{"embeddable":true,"href":"https:\/\/mfc08.de\/index.php?rest_route=%2Fwp%2Fv2%2Fcomments&post=7916"}],"version-history":[{"count":1,"href":"https:\/\/mfc08.de\/index.php?rest_route=\/wp\/v2\/posts\/7916\/revisions"}],"predecessor-version":[{"id":7918,"href":"https:\/\/mfc08.de\/index.php?rest_route=\/wp\/v2\/posts\/7916\/revisions\/7918"}],"wp:featuredmedia":[{"embeddable":true,"href":"https:\/\/mfc08.de\/index.php?rest_route=\/wp\/v2\/media\/7917"}],"wp:attachment":[{"href":"https:\/\/mfc08.de\/index.php?rest_route=%2Fwp%2Fv2%2Fmedia&parent=7916"}],"wp:term":[{"taxonomy":"category","embeddable":true,"href":"https:\/\/mfc08.de\/index.php?rest_route=%2Fwp%2Fv2%2Fcategories&post=7916"},{"taxonomy":"post_tag","embeddable":true,"href":"https:\/\/mfc08.de\/index.php?rest_route=%2Fwp%2Fv2%2Ftags&post=7916"}],"curies":[{"name":"wp","href":"https:\/\/api.w.org\/{rel}","templated":true}]}}