{"id":7929,"date":"2024-08-04T15:52:02","date_gmt":"2024-08-04T15:52:02","guid":{"rendered":"https:\/\/mfc08.de\/?p=7929"},"modified":"2024-08-04T15:52:04","modified_gmt":"2024-08-04T15:52:04","slug":"jugendfussball-sommercamp-auf-dem-08er","status":"publish","type":"post","link":"https:\/\/mfc08.de\/?p=7929","title":{"rendered":"Jugendfu\u00dfball &#8211; Sommercamp auf dem 08er"},"content":{"rendered":"\n<p>Auch in diesem Jahr fand vom 29.07.2024 \u2013 02.08.2024 unser Sommercamp in Kooperation mit Leos Fu\u00dfball Akademie auf dem Vereinsgel\u00e4nde des MFC 08 Lindenhof statt.<\/p>\n\n\n\n<p>F\u00fcr dieses Camp durften wir 42 fu\u00dfballbegeisterte Teilnehmer begr\u00fc\u00dfen.<\/p>\n\n\n\n<p>Zur Erinnerung erhielt jeder Teilnehmer ein Trikot von Leos Fu\u00dfball Akademie.&nbsp;<\/p>\n\n\n\n<p>An 5 Tagen hat Leo Caic, zusammen mit seinem Trainerteam, ein sehr interessantes und abwechslungsreiches Trainingsprogramm angeboten, welches von allen Teilnehmern sehr gerne angenommen wurde.<\/p>\n\n\n\n<p>T\u00e4glich von 9.30 Uhr bis 14.30 Uhr trainierten die Jungen und M\u00e4dchen, trotz teilweise hoher Temperaturen, mit gro\u00dfem Eifer und sehr viel Freude und konnten hierbei spielerisch ihre Fertigkeiten verbessern.<\/p>\n\n\n\n<p>F\u00fcr ausreichende Getr\u00e4nkeversorgung sowie entsprechendem Mittagessen war bestens gesorgt.<\/p>\n\n\n\n<p>Am Freitagnachmittag zeigten sich die Camp Teilnehmer sehr zufrieden und man verabschiedete sich ziemlich ersch\u00f6pft in das bevorstehende Wochenende.                                                                             RN \u2013 02.08.2024<\/p>\n","protected":false},"excerpt":{"rendered":"<p>Auch in diesem Jahr fand vom 29.07.2024 \u2013 02.08.2024 unser Sommercamp in Kooperation mit Leos Fu\u00dfball Akademie auf dem Vereinsgel\u00e4nde des MFC 08 Lindenhof statt. F\u00fcr dieses Camp durften wir 42 fu\u00dfballbegeisterte Teilnehmer begr\u00fc\u00dfen. Zur Erinnerung erhielt jeder Teilnehmer ein Trikot von Leos Fu\u00dfball Akademie.&nbsp; An 5 Tagen hat Leo Caic, zusammen mit seinem Trainerteam,&hellip;&nbsp;<a href=\"https:\/\/mfc08.de\/?p=7929\" rel=\"bookmark\">Weiterlesen &raquo;<span class=\"screen-reader-text\">Jugendfu\u00dfball &#8211; Sommercamp auf dem 08er<\/span><\/a><\/p>\n","protected":false},"author":9,"featured_media":7930,"comment_status":"closed","ping_status":"closed","sticky":false,"template":"","format":"standard","meta":{"neve_meta_sidebar":"","neve_meta_container":"","neve_meta_enable_content_width":"","neve_meta_content_width":0,"neve_meta_title_alignment":"","neve_meta_author_avatar":"","neve_post_elements_order":"","neve_meta_disable_header":"","neve_meta_disable_footer":"","neve_meta_disable_title":"","_themeisle_gutenberg_block_has_review":false,"footnotes":""},"categories":[11,1],"tags":[],"class_list":["post-7929","post","type-post","status-publish","format-standard","has-post-thumbnail","hentry","category-jugend","category-uncategorized"],"_links":{"self":[{"href":"https:\/\/mfc08.de\/index.php?rest_route=\/wp\/v2\/posts\/7929","targetHints":{"allow":["GET"]}}],"collection":[{"href":"https:\/\/mfc08.de\/index.php?rest_route=\/wp\/v2\/posts"}],"about":[{"href":"https:\/\/mfc08.de\/index.php?rest_route=\/wp\/v2\/types\/post"}],"author":[{"embeddable":true,"href":"https:\/\/mfc08.de\/index.php?rest_route=\/wp\/v2\/users\/9"}],"replies":[{"embeddable":true,"href":"https:\/\/mfc08.de\/index.php?rest_route=%2Fwp%2Fv2%2Fcomments&post=7929"}],"version-history":[{"count":1,"href":"https:\/\/mfc08.de\/index.php?rest_route=\/wp\/v2\/posts\/7929\/revisions"}],"predecessor-version":[{"id":7931,"href":"https:\/\/mfc08.de\/index.php?rest_route=\/wp\/v2\/posts\/7929\/revisions\/7931"}],"wp:featuredmedia":[{"embeddable":true,"href":"https:\/\/mfc08.de\/index.php?rest_route=\/wp\/v2\/media\/7930"}],"wp:attachment":[{"href":"https:\/\/mfc08.de\/index.php?rest_route=%2Fwp%2Fv2%2Fmedia&parent=7929"}],"wp:term":[{"taxonomy":"category","embeddable":true,"href":"https:\/\/mfc08.de\/index.php?rest_route=%2Fwp%2Fv2%2Fcategories&post=7929"},{"taxonomy":"post_tag","embeddable":true,"href":"https:\/\/mfc08.de\/index.php?rest_route=%2Fwp%2Fv2%2Ftags&post=7929"}],"curies":[{"name":"wp","href":"https:\/\/api.w.org\/{rel}","templated":true}]}}