{"id":8218,"date":"2024-09-01T19:50:50","date_gmt":"2024-09-01T19:50:50","guid":{"rendered":"https:\/\/mfc08.de\/?p=8218"},"modified":"2024-09-01T19:50:52","modified_gmt":"2024-09-01T19:50:52","slug":"fv-03-ladenburg-mfc-08-lindenhof-01-01","status":"publish","type":"post","link":"https:\/\/mfc08.de\/?p=8218","title":{"rendered":"FV 03 Ladenburg \u2013 MFC 08 Lindenhof 0:1 (0:1)"},"content":{"rendered":"\n<p>Mit einem 1:0 (1:0) Sieg beim FV 03 Ladenburg feierte die erste Mannschaft einen Einstand nach Ma\u00df in die neue Saison.<\/p>\n\n\n\n<p>Die Anfangsphase geh\u00f6rten den Gastgebern, die es immer wieder mit langen B\u00e4llen versuchten und unserer Abwehr damit zun\u00e4chst einige Probleme bereiteten und fr\u00fch nach einem Eckball zu einer ersten guten Chance kamen, die aber dann doch vereitelt werden konnte. Mit dem ersten gelungen Konter gelang unserem Team dann die F\u00fchrung. Nach einem feinen Zuspiel konnte sich Konstantin Ivanov auf aussen durchsetzen, seine Hereingabe wurde zun\u00e4chst noch abgewehrt, aber der Ball kam zu Alexander Kraus und der traf zur F\u00fchrung. In der Folge hatte sich auch die Defensive besser auf die langen B\u00e4lle der Gastgeber eingestellt, so dass es bis zur Pause kaum noch Strafraumszenen gab und es bei der knappen F\u00fchrung blieb. Gleich zu Beginn der zweiten Halbzeit konnte sich erneut Konstantin Ivanov durchsetzen, seinen Querpass nahm Alexander Kraus direkt, der Schuss wurde aber gerade noch von einem Verteidiger abgeblockt. Auch In der Folge versuchten es die Gastgeber weitgehend mit langen B\u00e4llen, auf die sich unsere Abwehr aber immer besser eingestellt hatte und somit kam zun\u00e4chst nur bei Standards etwas Gefahr auf, aber auch hier stand die Abwehr insgesamt sehr stabil. Die gr\u00f6sste Chance der Ladeburger resultierte dann aus einem Eckball f\u00fcr unser Team, nach dem die Gastgeber schnell umschalteten, und letztlich traf der St\u00fcrmer zum Gl\u00fcck nur die Latte. Kurz danach hatte Konstantin Ivanov die Entscheidung auf dem Fuss, scheiterte aber nach feiner Einzelleistung am gut reagierenden Ladenburger Torwart. Und wieder nur wenig sp\u00e4ter wurde ein Schuss von Moritz Miller von einem Abwehrspieler gerade noch kurz vor der Linie gekl\u00e4rt. Einige weitere Konterchancen wurden nicht konsequent ausgespielt, aber da sich auf der anderen Seite Karl Geiser im Tor auch bei zwei Distanzsch\u00fcssen auf dem Posten zeigte, blieb es auch nach der langen Nachspielzeit beim 1:0 f\u00fcr unsere Elf<\/p>\n\n\n\n<p>N\u00e4chste Woche trifft das Team im ersten Heimspiel der Saison auf den Landesliga-Absteiger SC Rot-Wei\u00df Rheinau &nbsp;&nbsp;&nbsp;&nbsp;&nbsp;&nbsp;&nbsp;&nbsp;&nbsp;&nbsp;&nbsp;&nbsp;&nbsp;&nbsp;&nbsp;&nbsp;&nbsp;&nbsp;&nbsp;&nbsp;&nbsp;&nbsp;<\/p>\n","protected":false},"excerpt":{"rendered":"<p>Mit einem 1:0 (1:0) Sieg beim FV 03 Ladenburg feierte die erste Mannschaft einen Einstand nach Ma\u00df in die neue Saison. Die Anfangsphase geh\u00f6rten den Gastgebern, die es immer wieder mit langen B\u00e4llen versuchten und unserer Abwehr damit zun\u00e4chst einige Probleme bereiteten und fr\u00fch nach einem Eckball zu einer ersten guten Chance kamen, die aber&hellip;&nbsp;<a href=\"https:\/\/mfc08.de\/?p=8218\" rel=\"bookmark\">Weiterlesen &raquo;<span class=\"screen-reader-text\">FV 03 Ladenburg \u2013 MFC 08 Lindenhof 0:1 (0:1)<\/span><\/a><\/p>\n","protected":false},"author":5,"featured_media":716,"comment_status":"closed","ping_status":"closed","sticky":false,"template":"","format":"standard","meta":{"neve_meta_sidebar":"","neve_meta_container":"","neve_meta_enable_content_width":"","neve_meta_content_width":0,"neve_meta_title_alignment":"","neve_meta_author_avatar":"","neve_post_elements_order":"","neve_meta_disable_header":"","neve_meta_disable_footer":"","neve_meta_disable_title":"","_themeisle_gutenberg_block_has_review":false,"footnotes":""},"categories":[3],"tags":[],"class_list":["post-8218","post","type-post","status-publish","format-standard","has-post-thumbnail","hentry","category-1-mannschaft"],"_links":{"self":[{"href":"https:\/\/mfc08.de\/index.php?rest_route=\/wp\/v2\/posts\/8218","targetHints":{"allow":["GET"]}}],"collection":[{"href":"https:\/\/mfc08.de\/index.php?rest_route=\/wp\/v2\/posts"}],"about":[{"href":"https:\/\/mfc08.de\/index.php?rest_route=\/wp\/v2\/types\/post"}],"author":[{"embeddable":true,"href":"https:\/\/mfc08.de\/index.php?rest_route=\/wp\/v2\/users\/5"}],"replies":[{"embeddable":true,"href":"https:\/\/mfc08.de\/index.php?rest_route=%2Fwp%2Fv2%2Fcomments&post=8218"}],"version-history":[{"count":1,"href":"https:\/\/mfc08.de\/index.php?rest_route=\/wp\/v2\/posts\/8218\/revisions"}],"predecessor-version":[{"id":8219,"href":"https:\/\/mfc08.de\/index.php?rest_route=\/wp\/v2\/posts\/8218\/revisions\/8219"}],"wp:featuredmedia":[{"embeddable":true,"href":"https:\/\/mfc08.de\/index.php?rest_route=\/wp\/v2\/media\/716"}],"wp:attachment":[{"href":"https:\/\/mfc08.de\/index.php?rest_route=%2Fwp%2Fv2%2Fmedia&parent=8218"}],"wp:term":[{"taxonomy":"category","embeddable":true,"href":"https:\/\/mfc08.de\/index.php?rest_route=%2Fwp%2Fv2%2Fcategories&post=8218"},{"taxonomy":"post_tag","embeddable":true,"href":"https:\/\/mfc08.de\/index.php?rest_route=%2Fwp%2Fv2%2Ftags&post=8218"}],"curies":[{"name":"wp","href":"https:\/\/api.w.org\/{rel}","templated":true}]}}