{"id":8229,"date":"2024-09-08T20:03:28","date_gmt":"2024-09-08T20:03:28","guid":{"rendered":"https:\/\/mfc08.de\/?p=8229"},"modified":"2024-09-08T20:03:29","modified_gmt":"2024-09-08T20:03:29","slug":"mfc-08-lindenhof-2-fv-08-hockenheim-11-10","status":"publish","type":"post","link":"https:\/\/mfc08.de\/?p=8229","title":{"rendered":"MFC 08 Lindenhof 2 \u2013 FV 08 Hockenheim 1:1 (1:0)"},"content":{"rendered":"\n<p>Mit einem 1:1 (1:0) Unentschieden endete das erste Heimspiel der 2. Mannschaft gegen einen der Meisterschaftsfavoriten, den FV 08 Hockenheim<\/p>\n\n\n\n<p>Die G\u00e4ste starteten druckvoll in die Partie und kamen in der Anfangsphase auch einige Male zu gef\u00e4hrlichen Abschl\u00fcssen, aber unser Team \u00fcberstand diesen Druck und ging Mitte der ersten Halbzeit etwas \u00fcberraschend in F\u00fchrung. Nach einem langen Ball aus der Abwehr lief Leon Umst\u00e4tter frei auf den gegnerischen Torwart zu und traf zum 1:0. In der Folgezeit hatte sich die Defensive besser auf das Spiel der Hockenheimer eingestellt und so blieb es bis zur Pause bei der F\u00fchrung. Auch in der zweiten Halbzeit hatten die G\u00e4ste mehr vom Spiel, die grossen Chancen blieben weiter aus und nach einem weiteren langen Ball bot sich Jannik Neumann sogar die Chance zu erh\u00f6hen, aber er verfehlte knapp das gegnerische Tor. Nach einer Stunde gelang den G\u00e4sten dann doch der Ausgleich. Ein St\u00fcrmer setzte sich \u00fcber aussen durch, seine Hereingabe wurde zun\u00e4chst noch gekl\u00e4rt, aber im Nachschuss traf Hockenheim zum 1:1. Kurz danach fast die F\u00fchrung f\u00fcr die G\u00e4ste, aber Cono de Paola, der diesmal das Tor h\u00fctete, konnte einen Flachschuss stark parieren. Auch danach dr\u00e4ngten die G\u00e4ste auf den Siegtreffer, aber die Defensive stand gut und konnte die Angriffe somit immer wieder unterbinden. In der Nachspielzeit h\u00e4tte man dann fast doch noch den Siegtreffer kassiert, aber Jannik Neumann konnte einen Fernschuss kurz vor der Linie mit dem Kopf kl\u00e4ren und so blieb es beim Unentschieden<\/p>\n\n\n\n<p>N\u00e4chste Woche tritt die Mannschaft bei der Spvgg Ketsch 2 an und hofft dort die bisherigen starken Auftritte gegen die beiden Meisterschaftsfavoriten zu best\u00e4tigen<\/p>\n","protected":false},"excerpt":{"rendered":"<p>Mit einem 1:1 (1:0) Unentschieden endete das erste Heimspiel der 2. Mannschaft gegen einen der Meisterschaftsfavoriten, den FV 08 Hockenheim Die G\u00e4ste starteten druckvoll in die Partie und kamen in der Anfangsphase auch einige Male zu gef\u00e4hrlichen Abschl\u00fcssen, aber unser Team \u00fcberstand diesen Druck und ging Mitte der ersten Halbzeit etwas \u00fcberraschend in F\u00fchrung. Nach&hellip;&nbsp;<a href=\"https:\/\/mfc08.de\/?p=8229\" rel=\"bookmark\">Weiterlesen &raquo;<span class=\"screen-reader-text\">MFC 08 Lindenhof 2 \u2013 FV 08 Hockenheim 1:1 (1:0)<\/span><\/a><\/p>\n","protected":false},"author":5,"featured_media":8216,"comment_status":"closed","ping_status":"closed","sticky":false,"template":"","format":"standard","meta":{"neve_meta_sidebar":"","neve_meta_container":"","neve_meta_enable_content_width":"","neve_meta_content_width":0,"neve_meta_title_alignment":"","neve_meta_author_avatar":"","neve_post_elements_order":"","neve_meta_disable_header":"","neve_meta_disable_footer":"","neve_meta_disable_title":"","_themeisle_gutenberg_block_has_review":false,"footnotes":""},"categories":[5],"tags":[],"class_list":["post-8229","post","type-post","status-publish","format-standard","has-post-thumbnail","hentry","category-2-mannschaft"],"_links":{"self":[{"href":"https:\/\/mfc08.de\/index.php?rest_route=\/wp\/v2\/posts\/8229","targetHints":{"allow":["GET"]}}],"collection":[{"href":"https:\/\/mfc08.de\/index.php?rest_route=\/wp\/v2\/posts"}],"about":[{"href":"https:\/\/mfc08.de\/index.php?rest_route=\/wp\/v2\/types\/post"}],"author":[{"embeddable":true,"href":"https:\/\/mfc08.de\/index.php?rest_route=\/wp\/v2\/users\/5"}],"replies":[{"embeddable":true,"href":"https:\/\/mfc08.de\/index.php?rest_route=%2Fwp%2Fv2%2Fcomments&post=8229"}],"version-history":[{"count":1,"href":"https:\/\/mfc08.de\/index.php?rest_route=\/wp\/v2\/posts\/8229\/revisions"}],"predecessor-version":[{"id":8230,"href":"https:\/\/mfc08.de\/index.php?rest_route=\/wp\/v2\/posts\/8229\/revisions\/8230"}],"wp:featuredmedia":[{"embeddable":true,"href":"https:\/\/mfc08.de\/index.php?rest_route=\/wp\/v2\/media\/8216"}],"wp:attachment":[{"href":"https:\/\/mfc08.de\/index.php?rest_route=%2Fwp%2Fv2%2Fmedia&parent=8229"}],"wp:term":[{"taxonomy":"category","embeddable":true,"href":"https:\/\/mfc08.de\/index.php?rest_route=%2Fwp%2Fv2%2Fcategories&post=8229"},{"taxonomy":"post_tag","embeddable":true,"href":"https:\/\/mfc08.de\/index.php?rest_route=%2Fwp%2Fv2%2Ftags&post=8229"}],"curies":[{"name":"wp","href":"https:\/\/api.w.org\/{rel}","templated":true}]}}