{"id":8231,"date":"2024-09-08T20:07:59","date_gmt":"2024-09-08T20:07:59","guid":{"rendered":"https:\/\/mfc08.de\/?p=8231"},"modified":"2024-09-08T20:08:01","modified_gmt":"2024-09-08T20:08:01","slug":"mfc-08-lindenhof-sc-rot-weiss-rheinau-20-10","status":"publish","type":"post","link":"https:\/\/mfc08.de\/?p=8231","title":{"rendered":"MFC 08 Lindenhof \u2013 SC Rot-Wei\u00df Rheinau 2:0 (1:0)"},"content":{"rendered":"\n<p>Einen verdienten 2:0 (1:0) Sieg feierte die 1. Mannschaft im ersten Heimspiel der Saison gegen den Landesliga-Absteiger SC Rot-Wei\u00df Rheinau<\/p>\n\n\n\n<p>Die beiden Mannschaften neutralisierten sich zun\u00e4chst weitgehend im Mittelfeld. Unsere Mannschaft hatte zwar von Anfang an mehr Ballbesitz, ohne aber wirklich Torgefahr zu entwickeln und auch den G\u00e4sten gelang im Spiel nach vorne nicht viel. So musste ein Fehler in der Rot-Wei\u00df-Abwehr f\u00fcr die F\u00fchrung herhalten. Alexander Kraus erlief einen Fehlpass am Strafraum und vollstreckte zur F\u00fchrung. Danach gab es noch 2 Kopfballchancen f\u00fcr Alexander Kraus und Mateo Atacan, die aber vom Torwart pariert werden konnten, so dass man mit der knappen F\u00fchrung in die Halbzeit ging. Auch in der Anfangsphase der zweiten Halbzeit passierte zun\u00e4chst nicht viel. Mit der ersten gef\u00e4hrlichen Aktion erh\u00f6hte unsere Elf dann auf 2:0. Konstantin Ivanov setzte sich sch\u00f6n durch, seine Flanke k\u00f6pfte Moritz Miller auf das Tor, der Rheinauer Torwart konnte zun\u00e4chst noch gut reagieren, aber Alexander Kraus verwertete den Abpraller zum 2:0. In der Folgezeit versuchten die G\u00e4ste auf den Anschluss zu dr\u00e4ngen, aber das bot unserem Team immer wieder Konterchancen, die leider nicht genutzt wurden. Zweimal verfehlte Konstantin Ivanov das Ziel aus aussichtsreicher Position knapp und auch ein Schuss von Mateo Atacan strich knapp am Tor vorbei. Auf der anderen Seite zeigte sich Karl Geiser im Tor bei einem Schuss von der Strafraumkante auf dem Posten. In der Schlussphase wurde zun\u00e4chst ein Schuss von Moritz Miller gerade noch geblockt, Alexander Kraus traf nur den Pfosten und erneut Konstantin Ivanov setzte den Ball knapp \u00fcber das Tor. Defensiv lie\u00df man aber nichts mehr anbrennen und somit feierte man schlie\u00dflich einen verdienten 2:0 Erfolg<\/p>\n\n\n\n<p>F\u00fcr das Team geht es schon am Mittwoch weiter. Im Kreispokal geht es im Viertelfinale zum TSV Sulzbach, einen Aufsteiger in die A-Klasse, und mit einem Sieg h\u00e4tte man sich f\u00fcr den badischen Verbandspokal in der neuen Saison qualifiziert. In der Runde besteht am Sonntag beim SC K\u00e4fertal die Chance den guten Saisonstart weiterzuf\u00fchren &nbsp;&nbsp;&nbsp;<\/p>\n","protected":false},"excerpt":{"rendered":"<p>Einen verdienten 2:0 (1:0) Sieg feierte die 1. Mannschaft im ersten Heimspiel der Saison gegen den Landesliga-Absteiger SC Rot-Wei\u00df Rheinau Die beiden Mannschaften neutralisierten sich zun\u00e4chst weitgehend im Mittelfeld. Unsere Mannschaft hatte zwar von Anfang an mehr Ballbesitz, ohne aber wirklich Torgefahr zu entwickeln und auch den G\u00e4sten gelang im Spiel nach vorne nicht viel.&hellip;&nbsp;<a href=\"https:\/\/mfc08.de\/?p=8231\" rel=\"bookmark\">Weiterlesen &raquo;<span class=\"screen-reader-text\">MFC 08 Lindenhof \u2013 SC Rot-Wei\u00df Rheinau 2:0 (1:0)<\/span><\/a><\/p>\n","protected":false},"author":5,"featured_media":716,"comment_status":"closed","ping_status":"closed","sticky":false,"template":"","format":"standard","meta":{"neve_meta_sidebar":"","neve_meta_container":"","neve_meta_enable_content_width":"","neve_meta_content_width":0,"neve_meta_title_alignment":"","neve_meta_author_avatar":"","neve_post_elements_order":"","neve_meta_disable_header":"","neve_meta_disable_footer":"","neve_meta_disable_title":"","_themeisle_gutenberg_block_has_review":false,"footnotes":""},"categories":[3],"tags":[],"class_list":["post-8231","post","type-post","status-publish","format-standard","has-post-thumbnail","hentry","category-1-mannschaft"],"_links":{"self":[{"href":"https:\/\/mfc08.de\/index.php?rest_route=\/wp\/v2\/posts\/8231","targetHints":{"allow":["GET"]}}],"collection":[{"href":"https:\/\/mfc08.de\/index.php?rest_route=\/wp\/v2\/posts"}],"about":[{"href":"https:\/\/mfc08.de\/index.php?rest_route=\/wp\/v2\/types\/post"}],"author":[{"embeddable":true,"href":"https:\/\/mfc08.de\/index.php?rest_route=\/wp\/v2\/users\/5"}],"replies":[{"embeddable":true,"href":"https:\/\/mfc08.de\/index.php?rest_route=%2Fwp%2Fv2%2Fcomments&post=8231"}],"version-history":[{"count":1,"href":"https:\/\/mfc08.de\/index.php?rest_route=\/wp\/v2\/posts\/8231\/revisions"}],"predecessor-version":[{"id":8232,"href":"https:\/\/mfc08.de\/index.php?rest_route=\/wp\/v2\/posts\/8231\/revisions\/8232"}],"wp:featuredmedia":[{"embeddable":true,"href":"https:\/\/mfc08.de\/index.php?rest_route=\/wp\/v2\/media\/716"}],"wp:attachment":[{"href":"https:\/\/mfc08.de\/index.php?rest_route=%2Fwp%2Fv2%2Fmedia&parent=8231"}],"wp:term":[{"taxonomy":"category","embeddable":true,"href":"https:\/\/mfc08.de\/index.php?rest_route=%2Fwp%2Fv2%2Fcategories&post=8231"},{"taxonomy":"post_tag","embeddable":true,"href":"https:\/\/mfc08.de\/index.php?rest_route=%2Fwp%2Fv2%2Ftags&post=8231"}],"curies":[{"name":"wp","href":"https:\/\/api.w.org\/{rel}","templated":true}]}}