{"id":8247,"date":"2024-09-15T19:02:05","date_gmt":"2024-09-15T19:02:05","guid":{"rendered":"https:\/\/mfc08.de\/?p=8247"},"modified":"2024-09-15T19:02:06","modified_gmt":"2024-09-15T19:02:06","slug":"spvgg-ketsch-2-mfc-08-lindenhof-2-51-00","status":"publish","type":"post","link":"https:\/\/mfc08.de\/?p=8247","title":{"rendered":"Spvgg Ketsch 2 \u2013 MFC 08 Lindenhof 2\u00a0 5:1 (0:0)"},"content":{"rendered":"\n<p>Eine \u00fcberraschend klare 1:5 (0:0) Niederlage musste die zweite Mannschaft bei der Spvgg Ketsch 2 hinnehmen<\/p>\n\n\n\n<p>Von Anfang an zeigten sich die Gastgeber \u00fcberlegen, stellten die 08-Abwehr immer wieder vor Probleme und kamen auch zu einigen guten Chancen, die allerdings zun\u00e4chst nicht genutzt werden konnten. Nach vorne lief bei unserem Team kaum etwas zusammen, und so kam man erst kurz vor der Pause durch Bertan Akbulut zu einem Abschluss, aber der Ketscher Torwart konnte parieren. Somit ging es torlos in die Pause. Kurz nach der Pause gelang dann Max Siegmann etwas \u00fcberraschend die F\u00fchrung, doch diese sollte leider nicht lange halten. Nur zwei Minuten sp\u00e4ter gelang den Gastgebern nach einem langen Ball in die Spitze der Ausgleich und nur zwei weitere Minuten sp\u00e4ter durch einen satten Schuss von der Strafraumgrenze sogar die F\u00fchrung. Auch in der Folgezeit blieb Ketsch am Dr\u00fccker und erh\u00f6hte durch 3 weitere Treffer innerhalb von 10 Minuten sogar auf 5:1, was auch den Endstand bedeutete.<\/p>\n\n\n\n<p>N\u00e4chste Woche bietet sich im Spiel gegen den SV 98 Schwetzingen 2 die n\u00e4chste Chance den ersten Saisonsieg einzufahren<\/p>\n","protected":false},"excerpt":{"rendered":"<p>Eine \u00fcberraschend klare 1:5 (0:0) Niederlage musste die zweite Mannschaft bei der Spvgg Ketsch 2 hinnehmen Von Anfang an zeigten sich die Gastgeber \u00fcberlegen, stellten die 08-Abwehr immer wieder vor Probleme und kamen auch zu einigen guten Chancen, die allerdings zun\u00e4chst nicht genutzt werden konnten. Nach vorne lief bei unserem Team kaum etwas zusammen, und&hellip;&nbsp;<a href=\"https:\/\/mfc08.de\/?p=8247\" rel=\"bookmark\">Weiterlesen &raquo;<span class=\"screen-reader-text\">Spvgg Ketsch 2 \u2013 MFC 08 Lindenhof 2\u00a0 5:1 (0:0)<\/span><\/a><\/p>\n","protected":false},"author":5,"featured_media":8216,"comment_status":"closed","ping_status":"closed","sticky":false,"template":"","format":"standard","meta":{"neve_meta_sidebar":"","neve_meta_container":"","neve_meta_enable_content_width":"","neve_meta_content_width":0,"neve_meta_title_alignment":"","neve_meta_author_avatar":"","neve_post_elements_order":"","neve_meta_disable_header":"","neve_meta_disable_footer":"","neve_meta_disable_title":"","_themeisle_gutenberg_block_has_review":false,"footnotes":""},"categories":[5],"tags":[],"class_list":["post-8247","post","type-post","status-publish","format-standard","has-post-thumbnail","hentry","category-2-mannschaft"],"_links":{"self":[{"href":"https:\/\/mfc08.de\/index.php?rest_route=\/wp\/v2\/posts\/8247","targetHints":{"allow":["GET"]}}],"collection":[{"href":"https:\/\/mfc08.de\/index.php?rest_route=\/wp\/v2\/posts"}],"about":[{"href":"https:\/\/mfc08.de\/index.php?rest_route=\/wp\/v2\/types\/post"}],"author":[{"embeddable":true,"href":"https:\/\/mfc08.de\/index.php?rest_route=\/wp\/v2\/users\/5"}],"replies":[{"embeddable":true,"href":"https:\/\/mfc08.de\/index.php?rest_route=%2Fwp%2Fv2%2Fcomments&post=8247"}],"version-history":[{"count":1,"href":"https:\/\/mfc08.de\/index.php?rest_route=\/wp\/v2\/posts\/8247\/revisions"}],"predecessor-version":[{"id":8248,"href":"https:\/\/mfc08.de\/index.php?rest_route=\/wp\/v2\/posts\/8247\/revisions\/8248"}],"wp:featuredmedia":[{"embeddable":true,"href":"https:\/\/mfc08.de\/index.php?rest_route=\/wp\/v2\/media\/8216"}],"wp:attachment":[{"href":"https:\/\/mfc08.de\/index.php?rest_route=%2Fwp%2Fv2%2Fmedia&parent=8247"}],"wp:term":[{"taxonomy":"category","embeddable":true,"href":"https:\/\/mfc08.de\/index.php?rest_route=%2Fwp%2Fv2%2Fcategories&post=8247"},{"taxonomy":"post_tag","embeddable":true,"href":"https:\/\/mfc08.de\/index.php?rest_route=%2Fwp%2Fv2%2Ftags&post=8247"}],"curies":[{"name":"wp","href":"https:\/\/api.w.org\/{rel}","templated":true}]}}