{"id":8249,"date":"2024-09-15T19:04:55","date_gmt":"2024-09-15T19:04:55","guid":{"rendered":"https:\/\/mfc08.de\/?p=8249"},"modified":"2024-09-15T19:04:57","modified_gmt":"2024-09-15T19:04:57","slug":"sc-kaefertal-mfc-08-lindenhof-20-00","status":"publish","type":"post","link":"https:\/\/mfc08.de\/?p=8249","title":{"rendered":"SC K\u00e4fertal \u2013 MFC 08 Lindenhof 2:0 (0:0)"},"content":{"rendered":"\n<p>Beim SC K\u00e4fertal musste die erste Mannschaft mit einem 0:2 (0:0) die erste Saison-Niederlage hinnehmen<\/p>\n\n\n\n<p>In der Anfangsphase neutralisierten sich beide Mannschaften weitgehend, so dass Strafraumszenen Mangelware blieben. Erstmal gef\u00e4hrlich wurde es, als ein K\u00e4fertaler Spieler sah, dass unser Torwart Karl Geiser weit vor seinem Tor stand und von der Mittellinie abzog, doch er konnte den Ball noch erlaufen. Unser Team war mehrfach \u00fcber Konter gef\u00e4hrlich, aber leider kam immer wieder der letzte Pass nicht an. Nach einer guten Chance f\u00fcr K\u00e4fertal, die jedoch das Ziel verfehlten, dann die gro\u00dfe Chance f\u00fcr Konstantin Ivanov zur F\u00fchrung, doch er scheiterte v\u00f6llig frei im Strafraum am K\u00e4fertaler Torwart. Somit blieb es bis zur Pause beim 0:0. Nach der Pause erh\u00f6hten die Gastgeber den Druck&nbsp; und unsere Elf tat sich immer schwerer f\u00fcr Entlastung zu sorgen. Aber die Defensive hielt lange Stand und verstand es immer wieder mit vereinten Kr\u00e4ften die Angriffe abzuwehren. Dann bot sich sogar die Chance zur F\u00fchrung, doch Marek D\u00f6rzenbach setzte den Ball nach einem Freisto\u00df knapp \u00fcber das Tor. Doch dann war es doch soweit. Einen Freisto\u00df aus 25 Metern konnte Karl Geiser noch gut parieren, doch nach dem folgenden Eckball kam ein K\u00e4fertaler St\u00fcrmer am langen Pfosten frei an den Ball und traf zur mittlerweile verdienten F\u00fchrung. Kurz vor Schluss bot sich noch einmal die grosse Chance zum Ausgleich. \u00dcber Moritz Miller und Alexander Kraus kam der Ball zu Konstantin Ivanov, doch der verfehlte frei vor dem Torwart das Tor. Aus einem schlecht ausgef\u00fchrten Freisto\u00df von der Mittellinie schaltete K\u00e4fertal in der Schlussminute schnell um, und verwandelte den Konter zum 2:0 und somit der Entscheidung.<\/p>\n\n\n\n<p>Besser war es f\u00fcr unsere Elf unter der Woche gelaufen. Durch einen 4:1 Sieg beim TSV Sulzbach zog das Team ins Halbfinale des Kreispokals ein und qualifizierte sich somit f\u00fcr den Verbandspokal in der neuen Saison.<\/p>\n\n\n\n<p>N\u00e4chste Woche gilt es gegen die TSG L\u00fctzelsachsen zur\u00fcck in die Erfolgsspur zu finden &nbsp;&nbsp;&nbsp;&nbsp;&nbsp;&nbsp;<\/p>\n","protected":false},"excerpt":{"rendered":"<p>Beim SC K\u00e4fertal musste die erste Mannschaft mit einem 0:2 (0:0) die erste Saison-Niederlage hinnehmen In der Anfangsphase neutralisierten sich beide Mannschaften weitgehend, so dass Strafraumszenen Mangelware blieben. Erstmal gef\u00e4hrlich wurde es, als ein K\u00e4fertaler Spieler sah, dass unser Torwart Karl Geiser weit vor seinem Tor stand und von der Mittellinie abzog, doch er konnte&hellip;&nbsp;<a href=\"https:\/\/mfc08.de\/?p=8249\" rel=\"bookmark\">Weiterlesen &raquo;<span class=\"screen-reader-text\">SC K\u00e4fertal \u2013 MFC 08 Lindenhof 2:0 (0:0)<\/span><\/a><\/p>\n","protected":false},"author":5,"featured_media":716,"comment_status":"closed","ping_status":"closed","sticky":false,"template":"","format":"standard","meta":{"neve_meta_sidebar":"","neve_meta_container":"","neve_meta_enable_content_width":"","neve_meta_content_width":0,"neve_meta_title_alignment":"","neve_meta_author_avatar":"","neve_post_elements_order":"","neve_meta_disable_header":"","neve_meta_disable_footer":"","neve_meta_disable_title":"","_themeisle_gutenberg_block_has_review":false,"footnotes":""},"categories":[3],"tags":[],"class_list":["post-8249","post","type-post","status-publish","format-standard","has-post-thumbnail","hentry","category-1-mannschaft"],"_links":{"self":[{"href":"https:\/\/mfc08.de\/index.php?rest_route=\/wp\/v2\/posts\/8249","targetHints":{"allow":["GET"]}}],"collection":[{"href":"https:\/\/mfc08.de\/index.php?rest_route=\/wp\/v2\/posts"}],"about":[{"href":"https:\/\/mfc08.de\/index.php?rest_route=\/wp\/v2\/types\/post"}],"author":[{"embeddable":true,"href":"https:\/\/mfc08.de\/index.php?rest_route=\/wp\/v2\/users\/5"}],"replies":[{"embeddable":true,"href":"https:\/\/mfc08.de\/index.php?rest_route=%2Fwp%2Fv2%2Fcomments&post=8249"}],"version-history":[{"count":1,"href":"https:\/\/mfc08.de\/index.php?rest_route=\/wp\/v2\/posts\/8249\/revisions"}],"predecessor-version":[{"id":8250,"href":"https:\/\/mfc08.de\/index.php?rest_route=\/wp\/v2\/posts\/8249\/revisions\/8250"}],"wp:featuredmedia":[{"embeddable":true,"href":"https:\/\/mfc08.de\/index.php?rest_route=\/wp\/v2\/media\/716"}],"wp:attachment":[{"href":"https:\/\/mfc08.de\/index.php?rest_route=%2Fwp%2Fv2%2Fmedia&parent=8249"}],"wp:term":[{"taxonomy":"category","embeddable":true,"href":"https:\/\/mfc08.de\/index.php?rest_route=%2Fwp%2Fv2%2Fcategories&post=8249"},{"taxonomy":"post_tag","embeddable":true,"href":"https:\/\/mfc08.de\/index.php?rest_route=%2Fwp%2Fv2%2Ftags&post=8249"}],"curies":[{"name":"wp","href":"https:\/\/api.w.org\/{rel}","templated":true}]}}