{"id":825,"date":"2020-05-27T16:56:37","date_gmt":"2020-05-27T16:56:37","guid":{"rendered":"http:\/\/mfc08.de\/wordpress\/?p=825"},"modified":"2020-06-24T10:05:59","modified_gmt":"2020-06-24T10:05:59","slug":"saison-steht-vor-abbruch","status":"publish","type":"post","link":"https:\/\/mfc08.de\/?p=825","title":{"rendered":"Saison steht vor Abbruch"},"content":{"rendered":"\n<p>Seit Mitte M\u00e4rz ruht mittlerweile der Ball und seitdem besteht Ungewissheit, wie und wann es mit dem Spielbetrieb<br>weitergeht.<\/p>\n\n\n\n<p>Von Verbandsseite wurde in dieser Zeit auch immer wieder der Kontakt zu den Vereinen gesucht. So gab es insgesamt 3 Videokonferenzen, in denen die Vereine \u00fcber den jeweiligen Stand informiert wurden, und in denen auch m\u00f6gliche Szenarien vorgestellt wurden, wie eine Fortsetzung erfolgen k\u00f6nnte bzw. was ein Abbruch bedeuten w\u00fcrde.<\/p>\n\n\n\n<p>In der letzten Konferenz wurde dann auch die Meinung der Vereine abgefragt und bei den Mannheimer Vereinen war eine deutliche Mehrheit f\u00fcr einen Abbruch. Auch von unserer Seite wurde f\u00fcr diese Option gestimmt, da keine zeitnahe Wiederaufnahme des Spielbetriebs m\u00f6glich scheint und eine Wiederaufnahme im Herbst (oder wann immer m\u00f6glich) auch die folgende Saison massiv beeinflussen w\u00fcrde.<br>Am 12.5. gab es jetzt eine Presse-Mitteilung der 3 Verb\u00e4nde aus Baden-W\u00fcrttemberg, in der bekannt gegeben wurde, dass die Verbandgremien den Abbruch der Saison empfehlen, wobei die jeweiligen Meister der Ligen aufsteigen, es aber keine Absteiger gibt.<\/p>\n\n\n\n<p>Die endg\u00fcltige Entscheidung wird in einem au\u00dferordentlichen Verbandstag gef\u00e4llt, der im Juni stattfinden soll, aber es ist davon auszugehen, dass dort dieser Vorschlag angenommen wird.<br>Im Vorfeld wird eine nochmalige Abstimmung der Vereine stattfinden, in der wir diesen Vorschlag auf jeden Fall unterst\u00fctzen werden<\/p>\n","protected":false},"excerpt":{"rendered":"<p>Seit Mitte M\u00e4rz ruht mittlerweile der Ball und seitdem besteht Ungewissheit, wie und wann es mit dem Spielbetriebweitergeht. Von Verbandsseite wurde in dieser Zeit auch immer wieder der Kontakt zu den Vereinen gesucht. So gab es insgesamt 3 Videokonferenzen, in denen die Vereine \u00fcber den jeweiligen Stand informiert wurden, und in denen auch m\u00f6gliche Szenarien&hellip;&nbsp;<a href=\"https:\/\/mfc08.de\/?p=825\" rel=\"bookmark\">Weiterlesen &raquo;<span class=\"screen-reader-text\">Saison steht vor Abbruch<\/span><\/a><\/p>\n","protected":false},"author":5,"featured_media":1124,"comment_status":"closed","ping_status":"open","sticky":false,"template":"","format":"standard","meta":{"neve_meta_sidebar":"","neve_meta_container":"","neve_meta_enable_content_width":"off","neve_meta_content_width":0,"neve_meta_title_alignment":"","neve_meta_author_avatar":"","neve_post_elements_order":"","neve_meta_disable_header":"","neve_meta_disable_footer":"","neve_meta_disable_title":"","_themeisle_gutenberg_block_has_review":false,"footnotes":""},"categories":[3,5],"tags":[],"class_list":["post-825","post","type-post","status-publish","format-standard","has-post-thumbnail","hentry","category-1-mannschaft","category-2-mannschaft"],"_links":{"self":[{"href":"https:\/\/mfc08.de\/index.php?rest_route=\/wp\/v2\/posts\/825","targetHints":{"allow":["GET"]}}],"collection":[{"href":"https:\/\/mfc08.de\/index.php?rest_route=\/wp\/v2\/posts"}],"about":[{"href":"https:\/\/mfc08.de\/index.php?rest_route=\/wp\/v2\/types\/post"}],"author":[{"embeddable":true,"href":"https:\/\/mfc08.de\/index.php?rest_route=\/wp\/v2\/users\/5"}],"replies":[{"embeddable":true,"href":"https:\/\/mfc08.de\/index.php?rest_route=%2Fwp%2Fv2%2Fcomments&post=825"}],"version-history":[{"count":3,"href":"https:\/\/mfc08.de\/index.php?rest_route=\/wp\/v2\/posts\/825\/revisions"}],"predecessor-version":[{"id":1126,"href":"https:\/\/mfc08.de\/index.php?rest_route=\/wp\/v2\/posts\/825\/revisions\/1126"}],"wp:featuredmedia":[{"embeddable":true,"href":"https:\/\/mfc08.de\/index.php?rest_route=\/wp\/v2\/media\/1124"}],"wp:attachment":[{"href":"https:\/\/mfc08.de\/index.php?rest_route=%2Fwp%2Fv2%2Fmedia&parent=825"}],"wp:term":[{"taxonomy":"category","embeddable":true,"href":"https:\/\/mfc08.de\/index.php?rest_route=%2Fwp%2Fv2%2Fcategories&post=825"},{"taxonomy":"post_tag","embeddable":true,"href":"https:\/\/mfc08.de\/index.php?rest_route=%2Fwp%2Fv2%2Ftags&post=825"}],"curies":[{"name":"wp","href":"https:\/\/api.w.org\/{rel}","templated":true}]}}