{"id":8261,"date":"2024-09-22T20:18:55","date_gmt":"2024-09-22T20:18:55","guid":{"rendered":"https:\/\/mfc08.de\/?p=8261"},"modified":"2024-09-22T20:21:48","modified_gmt":"2024-09-22T20:21:48","slug":"mfc-08-lindenhof-2-sv-98-schwetzingen-2-23-11","status":"publish","type":"post","link":"https:\/\/mfc08.de\/?p=8261","title":{"rendered":"MFC 08 Lindenhof 2 \u2013 SV 98 Schwetzingen 2\u00a0 2:3 (1:1)"},"content":{"rendered":"\n<p>Durch ein ganz sp\u00e4tes Gegentor musste die zweite Mannschaft gegen den SV 98 Schwetzingen 2 eine 2:3 (1:1) Niederlage hinnehmen<\/p>\n\n\n\n<p>Die G\u00e4ste starteten zielstrebiger in die Partie und kamen fr\u00fch zu ersten Chancen, die aber nicht genutzt wurden. Mit der Zeit kam dann unsere Elf besser ins Spiel und ging kurz vor der Pause durch Robert Sift in F\u00fchrung. Aber quasi im Gegenzug gelang den Schwetzingen der Ausgleich und so ging es mit einem 1:1 in die Pause. Der Start in die zweite Halbzeit gelang dann unserer Mannschaft sehr gut. Einen Eckball lenkte ein Abwehrspieler an die eigene Latte und den Abpraller verwertete Cornelius Boll zur 2:1 F\u00fchrung. Auch in der Folge zeigte sich die G\u00e4ste-Abwehr bei Standards anf\u00e4llig, aber Kai Armbruster verfehlte mit 2 Kopfb\u00e4llen das Ziel jeweils knapp. Schwetzingen erh\u00f6hte aber in der Schlussphase wieder etwas den Druck, und kam 10 Minuten vor dem Ende auch zum Ausgleich. Und in der Nachspielzeit musste unsere Elf noch, wie schon im ersten Saisonspiel, nach einem Ballverlust im Spielaufbau in der eigenen H\u00e4lfte noch den Siegtreffer hinnehmen.<\/p>\n\n\n\n<p>Weiter geht es f\u00fcr das Team am n\u00e4chsten Sonntag bei der DJK\/Fortuna Edingen-Neckarhausen<\/p>\n","protected":false},"excerpt":{"rendered":"<p>Durch ein ganz sp\u00e4tes Gegentor musste die zweite Mannschaft gegen den SV 98 Schwetzingen 2 eine 2:3 (1:1) Niederlage hinnehmen Die G\u00e4ste starteten zielstrebiger in die Partie und kamen fr\u00fch zu ersten Chancen, die aber nicht genutzt wurden. Mit der Zeit kam dann unsere Elf besser ins Spiel und ging kurz vor der Pause durch&hellip;&nbsp;<a href=\"https:\/\/mfc08.de\/?p=8261\" rel=\"bookmark\">Weiterlesen &raquo;<span class=\"screen-reader-text\">MFC 08 Lindenhof 2 \u2013 SV 98 Schwetzingen 2\u00a0 2:3 (1:1)<\/span><\/a><\/p>\n","protected":false},"author":5,"featured_media":8216,"comment_status":"closed","ping_status":"closed","sticky":false,"template":"","format":"standard","meta":{"neve_meta_sidebar":"","neve_meta_container":"","neve_meta_enable_content_width":"","neve_meta_content_width":0,"neve_meta_title_alignment":"","neve_meta_author_avatar":"","neve_post_elements_order":"","neve_meta_disable_header":"","neve_meta_disable_footer":"","neve_meta_disable_title":"","_themeisle_gutenberg_block_has_review":false,"footnotes":""},"categories":[5],"tags":[],"class_list":["post-8261","post","type-post","status-publish","format-standard","has-post-thumbnail","hentry","category-2-mannschaft"],"_links":{"self":[{"href":"https:\/\/mfc08.de\/index.php?rest_route=\/wp\/v2\/posts\/8261","targetHints":{"allow":["GET"]}}],"collection":[{"href":"https:\/\/mfc08.de\/index.php?rest_route=\/wp\/v2\/posts"}],"about":[{"href":"https:\/\/mfc08.de\/index.php?rest_route=\/wp\/v2\/types\/post"}],"author":[{"embeddable":true,"href":"https:\/\/mfc08.de\/index.php?rest_route=\/wp\/v2\/users\/5"}],"replies":[{"embeddable":true,"href":"https:\/\/mfc08.de\/index.php?rest_route=%2Fwp%2Fv2%2Fcomments&post=8261"}],"version-history":[{"count":1,"href":"https:\/\/mfc08.de\/index.php?rest_route=\/wp\/v2\/posts\/8261\/revisions"}],"predecessor-version":[{"id":8262,"href":"https:\/\/mfc08.de\/index.php?rest_route=\/wp\/v2\/posts\/8261\/revisions\/8262"}],"wp:featuredmedia":[{"embeddable":true,"href":"https:\/\/mfc08.de\/index.php?rest_route=\/wp\/v2\/media\/8216"}],"wp:attachment":[{"href":"https:\/\/mfc08.de\/index.php?rest_route=%2Fwp%2Fv2%2Fmedia&parent=8261"}],"wp:term":[{"taxonomy":"category","embeddable":true,"href":"https:\/\/mfc08.de\/index.php?rest_route=%2Fwp%2Fv2%2Fcategories&post=8261"},{"taxonomy":"post_tag","embeddable":true,"href":"https:\/\/mfc08.de\/index.php?rest_route=%2Fwp%2Fv2%2Ftags&post=8261"}],"curies":[{"name":"wp","href":"https:\/\/api.w.org\/{rel}","templated":true}]}}