{"id":8269,"date":"2024-09-23T12:52:00","date_gmt":"2024-09-23T12:52:00","guid":{"rendered":"https:\/\/mfc08.de\/?p=8269"},"modified":"2024-09-23T12:52:02","modified_gmt":"2024-09-23T12:52:02","slug":"d2-junioren-saisoneroeffnung","status":"publish","type":"post","link":"https:\/\/mfc08.de\/?p=8269","title":{"rendered":"D2-Junioren Saisoner\u00f6ffnung"},"content":{"rendered":"\n<p>Am 21.09.2024 bestritten wir mit unserer D2 das erste Spiel in der Kreisklasse Mannheim und waren zu Gast bei der Germania Friedrichsfeld. Wir konnten f\u00fcr diesen ersten Spieltag ein schlagkr\u00e4ftiges Team zusammenstellen. Auch wenn das neue Procedere mit gr\u00f6\u00dferem Spielfeld l\u00e4ngerer Spielzeit, Regeln, etc. doch vom gewohnten aus der E-Jugend stark abwich, zeigte sich unser Team, durch die absolvierten Trainingseinheiten, bestens vorbereitet.<\/p>\n\n\n\n<p>Bereits nach 9 Minuten konnten wir in F\u00fchrung gehen und bis zur Halbzeit, durch eine konsequente Chancenverwertung, auf eine verdiente Pausenf\u00fchrung von 5:0 ausbauen.<\/p>\n\n\n\n<p>Auch in der 2. Halbzeit war unser Team weiterhin tonangebend und \u00fcberzeugte durch ein gelungenes Zusammenspiel.<\/p>\n\n\n\n<p>Am Ende haben wir mit 7:1 den ersten Ausw\u00e4rtserfolg in der noch jungen Saison gerne mit nach Hause genommen. Gratulation an das Team f\u00fcr diese beindruckende Leistung.<\/p>\n\n\n\n<p>RN \u2013 23.09.2024<\/p>\n\n\n\n<p><\/p>\n","protected":false},"excerpt":{"rendered":"<p>Am 21.09.2024 bestritten wir mit unserer D2 das erste Spiel in der Kreisklasse Mannheim und waren zu Gast bei der Germania Friedrichsfeld. Wir konnten f\u00fcr diesen ersten Spieltag ein schlagkr\u00e4ftiges Team zusammenstellen. Auch wenn das neue Procedere mit gr\u00f6\u00dferem Spielfeld l\u00e4ngerer Spielzeit, Regeln, etc. doch vom gewohnten aus der E-Jugend stark abwich, zeigte sich unser&hellip;&nbsp;<a href=\"https:\/\/mfc08.de\/?p=8269\" rel=\"bookmark\">Weiterlesen &raquo;<span class=\"screen-reader-text\">D2-Junioren Saisoner\u00f6ffnung<\/span><\/a><\/p>\n","protected":false},"author":9,"featured_media":8270,"comment_status":"closed","ping_status":"closed","sticky":false,"template":"","format":"standard","meta":{"neve_meta_sidebar":"","neve_meta_container":"","neve_meta_enable_content_width":"","neve_meta_content_width":0,"neve_meta_title_alignment":"","neve_meta_author_avatar":"","neve_post_elements_order":"","neve_meta_disable_header":"","neve_meta_disable_footer":"","neve_meta_disable_title":"","_themeisle_gutenberg_block_has_review":false,"footnotes":""},"categories":[11,1],"tags":[],"class_list":["post-8269","post","type-post","status-publish","format-standard","has-post-thumbnail","hentry","category-jugend","category-uncategorized"],"_links":{"self":[{"href":"https:\/\/mfc08.de\/index.php?rest_route=\/wp\/v2\/posts\/8269","targetHints":{"allow":["GET"]}}],"collection":[{"href":"https:\/\/mfc08.de\/index.php?rest_route=\/wp\/v2\/posts"}],"about":[{"href":"https:\/\/mfc08.de\/index.php?rest_route=\/wp\/v2\/types\/post"}],"author":[{"embeddable":true,"href":"https:\/\/mfc08.de\/index.php?rest_route=\/wp\/v2\/users\/9"}],"replies":[{"embeddable":true,"href":"https:\/\/mfc08.de\/index.php?rest_route=%2Fwp%2Fv2%2Fcomments&post=8269"}],"version-history":[{"count":1,"href":"https:\/\/mfc08.de\/index.php?rest_route=\/wp\/v2\/posts\/8269\/revisions"}],"predecessor-version":[{"id":8271,"href":"https:\/\/mfc08.de\/index.php?rest_route=\/wp\/v2\/posts\/8269\/revisions\/8271"}],"wp:featuredmedia":[{"embeddable":true,"href":"https:\/\/mfc08.de\/index.php?rest_route=\/wp\/v2\/media\/8270"}],"wp:attachment":[{"href":"https:\/\/mfc08.de\/index.php?rest_route=%2Fwp%2Fv2%2Fmedia&parent=8269"}],"wp:term":[{"taxonomy":"category","embeddable":true,"href":"https:\/\/mfc08.de\/index.php?rest_route=%2Fwp%2Fv2%2Fcategories&post=8269"},{"taxonomy":"post_tag","embeddable":true,"href":"https:\/\/mfc08.de\/index.php?rest_route=%2Fwp%2Fv2%2Ftags&post=8269"}],"curies":[{"name":"wp","href":"https:\/\/api.w.org\/{rel}","templated":true}]}}