{"id":831,"date":"2020-05-27T17:03:01","date_gmt":"2020-05-27T17:03:01","guid":{"rendered":"http:\/\/mfc08.de\/wordpress\/?p=831"},"modified":"2020-05-27T17:03:03","modified_gmt":"2020-05-27T17:03:03","slug":"die-gaststaette-hat-wieder-geoeffnet","status":"publish","type":"post","link":"https:\/\/mfc08.de\/?p=831","title":{"rendered":"die Gastst\u00e4tte hat wieder ge\u00f6ffnet"},"content":{"rendered":"\n<p>Liebe Mitglieder, liebe Freunde und verehrte G\u00e4ste des MFC 08 Lindenhof,<\/p>\n\n\n\n<p>zu unserer gro\u00dfen Freude m\u00f6chten wir Sie informieren, dass unsere Vereinsgastst\u00e4tte ab Dienstag, den 19.05.2020 den Betrieb wieder aufnimmt. Ab 16 Uhr steht die Familie Muhovic parat, um Sie wieder als G\u00e4ste zu begr\u00fc\u00dfen. Die derzeitigen Umst\u00e4nde f\u00fchren aber dazu, dass besondere Vorsichtsma\u00dfnahmen getroffen werden m\u00fcssen. Insbesondere ist hier der Mindestabstand von Tisch zu Tisch zu nennen und die Bedingung, wie viele Personen mit wem mit am Tisch sitzen d\u00fcrfen. Aus dem Mindestabstand resultiert daher ein eigeschr\u00e4nktes Platzangebot. Aus diesem Grund empfehle ich allen Besuchern *dringend* eine vorherige Platzreservierung unter 0621-812308, damit auch alle, die kommen m\u00f6chten, einen Sitzplatz bekommen k\u00f6nnen. Der Zugang zur Gastst\u00e4tte ist allerdings b.a.w. nur \u00fcber den Haupteingang (Zufahrtstor bei den Tennispl\u00e4tzen) m\u00f6glich. Genie\u00dfen Sie die ein St\u00fcck weit mehr gewonnene Freiheit auf unserer Terrasse unter Kastanienb\u00e4umen. Ich w\u00fcnsche Ihnen auf jeden Fall viel Vergn\u00fcgen und einen entspannten Aufenthalt.<\/p>\n\n\n\n<p>Ihr Klaus J. Hartel<br>1. Vorsitzender (gesch\u00e4ftsf\u00fchrend)<\/p>\n","protected":false},"excerpt":{"rendered":"<p>Liebe Mitglieder, liebe Freunde und verehrte G\u00e4ste des MFC 08 Lindenhof, zu unserer gro\u00dfen Freude m\u00f6chten wir Sie informieren, dass unsere Vereinsgastst\u00e4tte ab Dienstag, den 19.05.2020 den Betrieb wieder aufnimmt. Ab 16 Uhr steht die Familie Muhovic parat, um Sie wieder als G\u00e4ste zu begr\u00fc\u00dfen. Die derzeitigen Umst\u00e4nde f\u00fchren aber dazu, dass besondere Vorsichtsma\u00dfnahmen getroffen&hellip;&nbsp;<a href=\"https:\/\/mfc08.de\/?p=831\" rel=\"bookmark\">Weiterlesen &raquo;<span class=\"screen-reader-text\">die Gastst\u00e4tte hat wieder ge\u00f6ffnet<\/span><\/a><\/p>\n","protected":false},"author":5,"featured_media":832,"comment_status":"closed","ping_status":"open","sticky":false,"template":"","format":"standard","meta":{"neve_meta_sidebar":"","neve_meta_container":"","neve_meta_enable_content_width":"off","neve_meta_content_width":0,"neve_meta_title_alignment":"","neve_meta_author_avatar":"","neve_post_elements_order":"","neve_meta_disable_header":"","neve_meta_disable_footer":"","neve_meta_disable_title":"","_themeisle_gutenberg_block_has_review":false,"footnotes":""},"categories":[1],"tags":[],"class_list":["post-831","post","type-post","status-publish","format-standard","has-post-thumbnail","hentry","category-uncategorized"],"_links":{"self":[{"href":"https:\/\/mfc08.de\/index.php?rest_route=\/wp\/v2\/posts\/831","targetHints":{"allow":["GET"]}}],"collection":[{"href":"https:\/\/mfc08.de\/index.php?rest_route=\/wp\/v2\/posts"}],"about":[{"href":"https:\/\/mfc08.de\/index.php?rest_route=\/wp\/v2\/types\/post"}],"author":[{"embeddable":true,"href":"https:\/\/mfc08.de\/index.php?rest_route=\/wp\/v2\/users\/5"}],"replies":[{"embeddable":true,"href":"https:\/\/mfc08.de\/index.php?rest_route=%2Fwp%2Fv2%2Fcomments&post=831"}],"version-history":[{"count":1,"href":"https:\/\/mfc08.de\/index.php?rest_route=\/wp\/v2\/posts\/831\/revisions"}],"predecessor-version":[{"id":833,"href":"https:\/\/mfc08.de\/index.php?rest_route=\/wp\/v2\/posts\/831\/revisions\/833"}],"wp:featuredmedia":[{"embeddable":true,"href":"https:\/\/mfc08.de\/index.php?rest_route=\/wp\/v2\/media\/832"}],"wp:attachment":[{"href":"https:\/\/mfc08.de\/index.php?rest_route=%2Fwp%2Fv2%2Fmedia&parent=831"}],"wp:term":[{"taxonomy":"category","embeddable":true,"href":"https:\/\/mfc08.de\/index.php?rest_route=%2Fwp%2Fv2%2Fcategories&post=831"},{"taxonomy":"post_tag","embeddable":true,"href":"https:\/\/mfc08.de\/index.php?rest_route=%2Fwp%2Fv2%2Ftags&post=831"}],"curies":[{"name":"wp","href":"https:\/\/api.w.org\/{rel}","templated":true}]}}