{"id":8489,"date":"2024-10-03T20:03:40","date_gmt":"2024-10-03T20:03:40","guid":{"rendered":"https:\/\/mfc08.de\/?p=8489"},"modified":"2024-10-03T20:18:08","modified_gmt":"2024-10-03T20:18:08","slug":"mfc-08-lindenhof-spvgg-ilvesheim-22-21","status":"publish","type":"post","link":"https:\/\/mfc08.de\/?p=8489","title":{"rendered":"MFC 08 Lindenhof \u2013 Spvgg Ilvesheim 2:2 (2:1)"},"content":{"rendered":"\n<p>Mit einem insgesamt leistungsgerechten 2:2 (2:1) Unentschieden endete das Heimspiel der ersten Mannschaft gegen die Spvgg Ilvesheim<\/p>\n\n\n\n<p>Die G\u00e4ste kamen zun\u00e4chst besser ins Spiel und gingen nach einer feinen Einzelleistung fr\u00fch in F\u00fchrung. Auch die n\u00e4chste Chance hatte Ilvesheim, aber einen Schuss aus kurzer Entfernung konnte Karl Geiser parieren. Dann fand auch unser Team besser ins Spiel und konnte die Partie Mitte der ersten Halbzeit drehen. Zun\u00e4chst nutzte Domenico Mangione ein Missverst\u00e4ndnis in der Abwehr aus, umspielte nach einem langen Ball den Torwart und schob zum Ausgleich ins leere Tor ein und nur kurz sp\u00e4ter scheiterte Tim Glette am Torwart, doch den Abpraller verwertete erneut Domenico Mangione zur F\u00fchrung. Bis zur Pause war unsere Elf dann spielbestimmend und fast h\u00e4tte Moritz Miller erh\u00f6ht, aber sein Schuss auf das kurze Eck landete am Pfosten. Nach dem Wechsel verflachte das Spiel zusehends, beide Mannschaften neutralisierten sich weitgehend im Mittelfeld. Gef\u00e4hrlich wurde unsere Elf nur noch einmal, als Oliver Schlick eine Hereingabe von Michele Cottitto artistisch nahm, aber den Ball \u00fcber das Tor setzte. In der Schlussphase wurden die G\u00e4ste dann wieder etwas aktiver und sorgten vor allem bei Standards doch wieder f\u00fcr Gefahr. Und so fiel auch im Anschluss an einen Eckball, der nicht richtig gekl\u00e4rt werden konnte, der Ausgleich.<\/p>\n\n\n\n<p>Bereits am Sonntag geht es f\u00fcr unsere Elf weiter mit dem Ausw\u00e4rtsspiel bei der Spvgg Wallstadt<\/p>\n","protected":false},"excerpt":{"rendered":"<p>Mit einem insgesamt leistungsgerechten 2:2 (2:1) Unentschieden endete das Heimspiel der ersten Mannschaft gegen die Spvgg Ilvesheim Die G\u00e4ste kamen zun\u00e4chst besser ins Spiel und gingen nach einer feinen Einzelleistung fr\u00fch in F\u00fchrung. Auch die n\u00e4chste Chance hatte Ilvesheim, aber einen Schuss aus kurzer Entfernung konnte Karl Geiser parieren. Dann fand auch unser Team besser&hellip;&nbsp;<a href=\"https:\/\/mfc08.de\/?p=8489\" rel=\"bookmark\">Weiterlesen &raquo;<span class=\"screen-reader-text\">MFC 08 Lindenhof \u2013 Spvgg Ilvesheim 2:2 (2:1)<\/span><\/a><\/p>\n","protected":false},"author":5,"featured_media":8486,"comment_status":"closed","ping_status":"closed","sticky":false,"template":"","format":"standard","meta":{"neve_meta_sidebar":"","neve_meta_container":"","neve_meta_enable_content_width":"","neve_meta_content_width":0,"neve_meta_title_alignment":"","neve_meta_author_avatar":"","neve_post_elements_order":"","neve_meta_disable_header":"","neve_meta_disable_footer":"","neve_meta_disable_title":"","_themeisle_gutenberg_block_has_review":false,"footnotes":""},"categories":[3],"tags":[],"class_list":["post-8489","post","type-post","status-publish","format-standard","has-post-thumbnail","hentry","category-1-mannschaft"],"_links":{"self":[{"href":"https:\/\/mfc08.de\/index.php?rest_route=\/wp\/v2\/posts\/8489","targetHints":{"allow":["GET"]}}],"collection":[{"href":"https:\/\/mfc08.de\/index.php?rest_route=\/wp\/v2\/posts"}],"about":[{"href":"https:\/\/mfc08.de\/index.php?rest_route=\/wp\/v2\/types\/post"}],"author":[{"embeddable":true,"href":"https:\/\/mfc08.de\/index.php?rest_route=\/wp\/v2\/users\/5"}],"replies":[{"embeddable":true,"href":"https:\/\/mfc08.de\/index.php?rest_route=%2Fwp%2Fv2%2Fcomments&post=8489"}],"version-history":[{"count":2,"href":"https:\/\/mfc08.de\/index.php?rest_route=\/wp\/v2\/posts\/8489\/revisions"}],"predecessor-version":[{"id":8491,"href":"https:\/\/mfc08.de\/index.php?rest_route=\/wp\/v2\/posts\/8489\/revisions\/8491"}],"wp:featuredmedia":[{"embeddable":true,"href":"https:\/\/mfc08.de\/index.php?rest_route=\/wp\/v2\/media\/8486"}],"wp:attachment":[{"href":"https:\/\/mfc08.de\/index.php?rest_route=%2Fwp%2Fv2%2Fmedia&parent=8489"}],"wp:term":[{"taxonomy":"category","embeddable":true,"href":"https:\/\/mfc08.de\/index.php?rest_route=%2Fwp%2Fv2%2Fcategories&post=8489"},{"taxonomy":"post_tag","embeddable":true,"href":"https:\/\/mfc08.de\/index.php?rest_route=%2Fwp%2Fv2%2Ftags&post=8489"}],"curies":[{"name":"wp","href":"https:\/\/api.w.org\/{rel}","templated":true}]}}