{"id":8495,"date":"2024-10-06T20:13:27","date_gmt":"2024-10-06T20:13:27","guid":{"rendered":"https:\/\/mfc08.de\/?p=8495"},"modified":"2024-10-06T20:13:29","modified_gmt":"2024-10-06T20:13:29","slug":"spvgg-wallstadt-mfc-08-lindenhof-21-20","status":"publish","type":"post","link":"https:\/\/mfc08.de\/?p=8495","title":{"rendered":"Spvgg Wallstadt &#8211; MFC 08 Lindenhof 2:1 (2:0)"},"content":{"rendered":"\n<p>Eine unn\u00f6tige 1:2 (0:2) Niederlage musste die erste Mannschaft bei der Spvgg Wallstadt hinnehmen<\/p>\n\n\n\n<p>Das Spiel begann f\u00fcr unsere Mannschaft denkbar schlecht. Bereits in der ersten Minute verursachte man einen v\u00f6llig unn\u00f6tigen Eckball, bei dem die Defensive dann ebenfalls nicht gut aussah und so nutzten die Gastgeber dies sofort zur fr\u00fchen F\u00fchrung aus. Danach hatte unsere Elf zwar etwas gr\u00f6\u00dfere Spielanteile, konnte aber keine echte Torgefahr entfachen. Mitte der ersten Halbzeit konnte ein Wallst\u00e4dter Angriff erneut nur unsauber auf Kosten eines Eckball gekl\u00e4rt werden und diesen nutzen diese erneut per Kopf zum 2:0. Trotz optischer \u00dcberlegenheit gelang unserer Mannschaft auch in der Folgezeit kaum ein gef\u00e4hrlicher Abschluss. Ein Schuss von Tobias Glette verfehlte das Ziel knapp und ein Kopfball von Marek D\u00f6rzenbach stellte den Torwart vor kein gro\u00dfes Problem. So ging Wallstadt alleine dank der Effizienz bei den Standards mit der F\u00fchrung in die Pause. Nach dem Wechsel versuchte unsere Mannschaft zwar den Druck zu erh\u00f6hen und \u00fcbernahm jetzt endg\u00fcltig komplett die Spielkontrolle, aber es fehlte weiterhin die n\u00f6tige Durchschlagskraft in der Offensive. Hoffnung kam eine Viertelstunde vor Schluss auf. Moritz Miller drang mit dem Ball am Fuss in den Strafraum ein und der Schiedsrichter entschied nach der Attacke eines Abwehrspielers auf Elfmeter, den Sergio Latorre sicher zum 1:2 verwandelte. Auch danach dr\u00fcckte unsere Elf weiter auf den Ausgleich, aber die Wallst\u00e4dter Abwehr lie\u00df weiterhin nicht viel zu. Die beste Chance bot sich Alexander Kraus, doch er setzte einen Kopfball knapp \u00fcber das Tor.<\/p>\n\n\n\n<p>N\u00e4chste Woche steht das Heimspiel gegen den bislang stark auftrumpfenden Aufsteiger ASV Feudenheim auf dem Programm<\/p>\n","protected":false},"excerpt":{"rendered":"<p>Eine unn\u00f6tige 1:2 (0:2) Niederlage musste die erste Mannschaft bei der Spvgg Wallstadt hinnehmen Das Spiel begann f\u00fcr unsere Mannschaft denkbar schlecht. Bereits in der ersten Minute verursachte man einen v\u00f6llig unn\u00f6tigen Eckball, bei dem die Defensive dann ebenfalls nicht gut aussah und so nutzten die Gastgeber dies sofort zur fr\u00fchen F\u00fchrung aus. Danach hatte&hellip;&nbsp;<a href=\"https:\/\/mfc08.de\/?p=8495\" rel=\"bookmark\">Weiterlesen &raquo;<span class=\"screen-reader-text\">Spvgg Wallstadt &#8211; MFC 08 Lindenhof 2:1 (2:0)<\/span><\/a><\/p>\n","protected":false},"author":5,"featured_media":8486,"comment_status":"closed","ping_status":"closed","sticky":false,"template":"","format":"standard","meta":{"neve_meta_sidebar":"","neve_meta_container":"","neve_meta_enable_content_width":"","neve_meta_content_width":0,"neve_meta_title_alignment":"","neve_meta_author_avatar":"","neve_post_elements_order":"","neve_meta_disable_header":"","neve_meta_disable_footer":"","neve_meta_disable_title":"","_themeisle_gutenberg_block_has_review":false,"footnotes":""},"categories":[3],"tags":[],"class_list":["post-8495","post","type-post","status-publish","format-standard","has-post-thumbnail","hentry","category-1-mannschaft"],"_links":{"self":[{"href":"https:\/\/mfc08.de\/index.php?rest_route=\/wp\/v2\/posts\/8495","targetHints":{"allow":["GET"]}}],"collection":[{"href":"https:\/\/mfc08.de\/index.php?rest_route=\/wp\/v2\/posts"}],"about":[{"href":"https:\/\/mfc08.de\/index.php?rest_route=\/wp\/v2\/types\/post"}],"author":[{"embeddable":true,"href":"https:\/\/mfc08.de\/index.php?rest_route=\/wp\/v2\/users\/5"}],"replies":[{"embeddable":true,"href":"https:\/\/mfc08.de\/index.php?rest_route=%2Fwp%2Fv2%2Fcomments&post=8495"}],"version-history":[{"count":1,"href":"https:\/\/mfc08.de\/index.php?rest_route=\/wp\/v2\/posts\/8495\/revisions"}],"predecessor-version":[{"id":8496,"href":"https:\/\/mfc08.de\/index.php?rest_route=\/wp\/v2\/posts\/8495\/revisions\/8496"}],"wp:featuredmedia":[{"embeddable":true,"href":"https:\/\/mfc08.de\/index.php?rest_route=\/wp\/v2\/media\/8486"}],"wp:attachment":[{"href":"https:\/\/mfc08.de\/index.php?rest_route=%2Fwp%2Fv2%2Fmedia&parent=8495"}],"wp:term":[{"taxonomy":"category","embeddable":true,"href":"https:\/\/mfc08.de\/index.php?rest_route=%2Fwp%2Fv2%2Fcategories&post=8495"},{"taxonomy":"post_tag","embeddable":true,"href":"https:\/\/mfc08.de\/index.php?rest_route=%2Fwp%2Fv2%2Ftags&post=8495"}],"curies":[{"name":"wp","href":"https:\/\/api.w.org\/{rel}","templated":true}]}}