{"id":8523,"date":"2024-10-20T20:18:36","date_gmt":"2024-10-20T20:18:36","guid":{"rendered":"https:\/\/mfc08.de\/?p=8523"},"modified":"2024-10-20T20:20:36","modified_gmt":"2024-10-20T20:20:36","slug":"mfc-08-lindenhof-sc-pfingstberg-hochstaett-12-11","status":"publish","type":"post","link":"https:\/\/mfc08.de\/?p=8523","title":{"rendered":"MFC 08 Lindenhof \u2013 SC Pfingstberg-Hochst\u00e4tt 1:2 (1:1)"},"content":{"rendered":"\n<p>Eine \u00e4usserst ungl\u00fcckliche 1:2 (1:1) Niederlage musste die 1. Mannschaft im Spiel gegen den SC Pfingstberg-Hochst\u00e4tt hinnehmen<\/p>\n\n\n\n<p>Es entwickelte sich von Anfang an eine ausgeglichene Partie, in der sich beide Mannschaften weitgehend neutralisierten und die sich daher fast komplett im Mittelfeld abspielte. Dennoch gelang unserer Elf mit der ersten wirklich gef\u00e4hrlichen Aktion die F\u00fchrung. Eine flache Hereingabe von Metehan Durmus nahm Moritz Miller im Strafraum an und traf aus der Drehung zum 1:0. Doch den G\u00e4sten gelang der schnelle Ausgleich. Nach einem Freisto\u00df aus dem Halbfeld kam ein Pfingstberger frei zum Kopfball und er traf aus kurzer Distanz zum 1:1. Auch danach \u00e4nderte sich nicht viel am Spielverlauf, das meiste spielte sich zwischen den Strafr\u00e4umen ab und so ging es mit dem Unentschieden in die Pause. Auch nach dem Wechsel \u00e4nderte sich nichts am Spielverlauf, beide Mannschaften mit einer \u00e4hnlichen Spielanlage und es kam weiterhin kaum zu Torchancen. Dann bot sich aber den G\u00e4sten doch die gro\u00dfe Chance zur F\u00fchrung. Nach einem gut gespielten Konter setzte ein St\u00fcrmer den Ball v\u00f6llig frei aus kurzer Distanz neben das Tor. Kurz danach wurde Kevin Heck bei einem Konter auf dem Weg zum Tor kurz vor der Strafraumkante \u00e4usserst r\u00fcde gefoult und musste in Folge dieser Aktion verletzt ausgewechselt werden. Der Schiedsrichter belie\u00df es dieser Aktion bei einer gelben Karte. Der f\u00e4llige Freisto\u00df brachte leider nichts ein. Gef\u00e4hrlich f\u00fcr das Pfingstberger Tor wurde es dann noch einmal bei einem strammen Schuss von Sergio Latorre, doch der Torwart konnte den Ball gut zur Ecke abwehren. Als alles auf ein gerechtes Unentschieden hinaus zu laufen schien, \u00fcbernahm der Schiedsrichter in den letzten Minuten das Kommando. Nach einer Reihe fragw\u00fcrdiger Entscheidungen unterbrach er die Partie weil angeblich etwas auf den Platz geworfen wurde. Nach Wiederaufnahme des Spiels zeigte er in der Nachspielzeit Sergio Latorre nach einem harmlosen Laufduell an der Au\u00dfenlinie tief in der gegnerischen H\u00e4lfte eine v\u00f6llig l\u00e4cherliche gelb-rote Karte. Aber es sollte noch schlimmer kommen. In der 10! Minute der Nachspielzeit stand ein Pfingstberger St\u00fcrmer bei einem Konter mehrere Meter im Abseits, aber das Schiedsrichter-Gespann ignorierte dies und lie\u00df das Spiel weiterlaufen. Karl Geiser konnte zwar zun\u00e4chst noch abwehren, aber der Ball prallte zu einem Pfingstberger, der zu Fall gebracht wurde und jetzt entschied der Schiedsrichter sofort auf Elfmeter. Die G\u00e4ste lie\u00dfen sich dieses Geschenk nat\u00fcrlich nicht nehmen und verwandelten zum 1:2 Siegtreffer. Besonders \u00e4rgerlich ist hier noch zus\u00e4tzlich die Tatsache, dass der selbe Schiedsrichter schon mit einem v\u00f6llig falschen Freisto\u00dfpfiff (angebliches Abseits bei einem Absto\u00df vom Boden!) beim SV Enosis vor wenigen Wochen ebenfalls in einer ewig langen Nachspielzeit den sp\u00e4ten Ausgleich (mit) verursachte.<\/p>\n\n\n\n<p>N\u00e4chste Woche gilt es beim FV Leutershausen diesen Nackenschlag wegzustecken und wieder zu punkten<\/p>\n\n\n\n<p><\/p>\n","protected":false},"excerpt":{"rendered":"<p>Eine \u00e4usserst ungl\u00fcckliche 1:2 (1:1) Niederlage musste die 1. Mannschaft im Spiel gegen den SC Pfingstberg-Hochst\u00e4tt hinnehmen Es entwickelte sich von Anfang an eine ausgeglichene Partie, in der sich beide Mannschaften weitgehend neutralisierten und die sich daher fast komplett im Mittelfeld abspielte. Dennoch gelang unserer Elf mit der ersten wirklich gef\u00e4hrlichen Aktion die F\u00fchrung. Eine&hellip;&nbsp;<a href=\"https:\/\/mfc08.de\/?p=8523\" rel=\"bookmark\">Weiterlesen &raquo;<span class=\"screen-reader-text\">MFC 08 Lindenhof \u2013 SC Pfingstberg-Hochst\u00e4tt 1:2 (1:1)<\/span><\/a><\/p>\n","protected":false},"author":5,"featured_media":8486,"comment_status":"closed","ping_status":"closed","sticky":false,"template":"","format":"standard","meta":{"neve_meta_sidebar":"","neve_meta_container":"","neve_meta_enable_content_width":"","neve_meta_content_width":0,"neve_meta_title_alignment":"","neve_meta_author_avatar":"","neve_post_elements_order":"","neve_meta_disable_header":"","neve_meta_disable_footer":"","neve_meta_disable_title":"","_themeisle_gutenberg_block_has_review":false,"footnotes":""},"categories":[3],"tags":[],"class_list":["post-8523","post","type-post","status-publish","format-standard","has-post-thumbnail","hentry","category-1-mannschaft"],"_links":{"self":[{"href":"https:\/\/mfc08.de\/index.php?rest_route=\/wp\/v2\/posts\/8523","targetHints":{"allow":["GET"]}}],"collection":[{"href":"https:\/\/mfc08.de\/index.php?rest_route=\/wp\/v2\/posts"}],"about":[{"href":"https:\/\/mfc08.de\/index.php?rest_route=\/wp\/v2\/types\/post"}],"author":[{"embeddable":true,"href":"https:\/\/mfc08.de\/index.php?rest_route=\/wp\/v2\/users\/5"}],"replies":[{"embeddable":true,"href":"https:\/\/mfc08.de\/index.php?rest_route=%2Fwp%2Fv2%2Fcomments&post=8523"}],"version-history":[{"count":2,"href":"https:\/\/mfc08.de\/index.php?rest_route=\/wp\/v2\/posts\/8523\/revisions"}],"predecessor-version":[{"id":8526,"href":"https:\/\/mfc08.de\/index.php?rest_route=\/wp\/v2\/posts\/8523\/revisions\/8526"}],"wp:featuredmedia":[{"embeddable":true,"href":"https:\/\/mfc08.de\/index.php?rest_route=\/wp\/v2\/media\/8486"}],"wp:attachment":[{"href":"https:\/\/mfc08.de\/index.php?rest_route=%2Fwp%2Fv2%2Fmedia&parent=8523"}],"wp:term":[{"taxonomy":"category","embeddable":true,"href":"https:\/\/mfc08.de\/index.php?rest_route=%2Fwp%2Fv2%2Fcategories&post=8523"},{"taxonomy":"post_tag","embeddable":true,"href":"https:\/\/mfc08.de\/index.php?rest_route=%2Fwp%2Fv2%2Ftags&post=8523"}],"curies":[{"name":"wp","href":"https:\/\/api.w.org\/{rel}","templated":true}]}}