{"id":8527,"date":"2024-10-20T21:15:54","date_gmt":"2024-10-20T21:15:54","guid":{"rendered":"https:\/\/mfc08.de\/?p=8527"},"modified":"2024-10-25T18:00:26","modified_gmt":"2024-10-25T18:00:26","slug":"mfc-08-lindenhof-ah-fv-03-ladenburg-ah-34-22","status":"publish","type":"post","link":"https:\/\/mfc08.de\/?p=8527","title":{"rendered":"MFC 08 Lindenhof AH \u2013 FV 03 Ladenburg AH 3:4 (2:2)"},"content":{"rendered":"\n<p>Mit einer knappen 3:4 (2:2) Niederlage endete das letzte Spiel der AH dieses Jahr gegen den FV 03 Ladenburg<\/p>\n\n\n\n<p>Die G\u00e4ste zeigten sich bekannt spielstark und gingen fr\u00fch durch einen Kopfball nach einer Ecke in F\u00fchrung. Aber unsere Mannschaft hielt gut dagegen und kam schnell durch Jasse zum Ausgleich. Und kurz darauf gelang Jed auf Zuspiel von Jasse sogar die F\u00fchrung. In der Folge entwickelte sich ein offener Schlagabtausch mit Chancen auf beiden Seiten. Die beste Chance f\u00fcr uns bot sich erneut Jed, aber er traf aus spitzem Winkel nur die Latte. Statt dessen gelang den G\u00e4sten kurz vor der Pause etwas gl\u00fccklich der Ausgleich. Eine flache Hereingabe wurde ungl\u00fccklich ins eigene Tor abgelenkt. Mit diesem 2:2 ging es auch in die Halbzeit. Auch zu Beginn der zweiten Halbzeit ein offenes Spiel. Bei unserer besten Chance scheiterte Jed frei vor dem Torwart diesmal im Innenpfosten, aber auch die G\u00e4ste kamen mehrfach gef\u00e4hrlich zum Abschluss und gingen dann auch erneut in F\u00fchrung. Als Ladenburg sogar auf 2:4 erh\u00f6hte schien die Partie entschieden, aber erneut Jed verk\u00fcrzte noch einmal auf 3:4, dabei sollte es aber bis zum Ende bleiben &nbsp;&nbsp;&nbsp;&nbsp;&nbsp;&nbsp;&nbsp;&nbsp;&nbsp;&nbsp;&nbsp;&nbsp;&nbsp;&nbsp;&nbsp;&nbsp;&nbsp;&nbsp;&nbsp;&nbsp;&nbsp;&nbsp;&nbsp;&nbsp;&nbsp;&nbsp;&nbsp;&nbsp;<\/p>\n","protected":false},"excerpt":{"rendered":"<p>Mit einer knappen 3:4 (2:2) Niederlage endete das letzte Spiel der AH dieses Jahr gegen den FV 03 Ladenburg Die G\u00e4ste zeigten sich bekannt spielstark und gingen fr\u00fch durch einen Kopfball nach einer Ecke in F\u00fchrung. Aber unsere Mannschaft hielt gut dagegen und kam schnell durch Jasse zum Ausgleich. Und kurz darauf gelang Jed auf&hellip;&nbsp;<a href=\"https:\/\/mfc08.de\/?p=8527\" rel=\"bookmark\">Weiterlesen &raquo;<span class=\"screen-reader-text\">MFC 08 Lindenhof AH \u2013 FV 03 Ladenburg AH 3:4 (2:2)<\/span><\/a><\/p>\n","protected":false},"author":5,"featured_media":7242,"comment_status":"closed","ping_status":"closed","sticky":false,"template":"","format":"standard","meta":{"neve_meta_sidebar":"","neve_meta_container":"","neve_meta_enable_content_width":"","neve_meta_content_width":0,"neve_meta_title_alignment":"","neve_meta_author_avatar":"","neve_post_elements_order":"","neve_meta_disable_header":"","neve_meta_disable_footer":"","neve_meta_disable_title":"","_themeisle_gutenberg_block_has_review":false,"footnotes":""},"categories":[9],"tags":[],"class_list":["post-8527","post","type-post","status-publish","format-standard","has-post-thumbnail","hentry","category-ah"],"_links":{"self":[{"href":"https:\/\/mfc08.de\/index.php?rest_route=\/wp\/v2\/posts\/8527","targetHints":{"allow":["GET"]}}],"collection":[{"href":"https:\/\/mfc08.de\/index.php?rest_route=\/wp\/v2\/posts"}],"about":[{"href":"https:\/\/mfc08.de\/index.php?rest_route=\/wp\/v2\/types\/post"}],"author":[{"embeddable":true,"href":"https:\/\/mfc08.de\/index.php?rest_route=\/wp\/v2\/users\/5"}],"replies":[{"embeddable":true,"href":"https:\/\/mfc08.de\/index.php?rest_route=%2Fwp%2Fv2%2Fcomments&post=8527"}],"version-history":[{"count":2,"href":"https:\/\/mfc08.de\/index.php?rest_route=\/wp\/v2\/posts\/8527\/revisions"}],"predecessor-version":[{"id":8529,"href":"https:\/\/mfc08.de\/index.php?rest_route=\/wp\/v2\/posts\/8527\/revisions\/8529"}],"wp:featuredmedia":[{"embeddable":true,"href":"https:\/\/mfc08.de\/index.php?rest_route=\/wp\/v2\/media\/7242"}],"wp:attachment":[{"href":"https:\/\/mfc08.de\/index.php?rest_route=%2Fwp%2Fv2%2Fmedia&parent=8527"}],"wp:term":[{"taxonomy":"category","embeddable":true,"href":"https:\/\/mfc08.de\/index.php?rest_route=%2Fwp%2Fv2%2Fcategories&post=8527"},{"taxonomy":"post_tag","embeddable":true,"href":"https:\/\/mfc08.de\/index.php?rest_route=%2Fwp%2Fv2%2Ftags&post=8527"}],"curies":[{"name":"wp","href":"https:\/\/api.w.org\/{rel}","templated":true}]}}