{"id":854,"date":"2020-05-20T17:45:00","date_gmt":"2020-05-20T17:45:00","guid":{"rendered":"http:\/\/mfc08.de\/wordpress\/?p=854"},"modified":"2020-05-30T20:00:39","modified_gmt":"2020-05-30T20:00:39","slug":"das-jahr-2019-der-ah","status":"publish","type":"post","link":"https:\/\/mfc08.de\/?p=854","title":{"rendered":"das Jahr 2019 der AH"},"content":{"rendered":"\n<p>Sportlich gibt es aus diesem Jahr wenig zu berichten. Von insgesamt 12 geplanten Spielen fanden im Endeffekt nur 3 statt. Alle anderen wurden aus Personalmangel, teils von uns, teils vom Gegner, abgesagt.<\/p>\n\n\n\n<p>Die Bilanz der Spiele ist absolut ausgeglichen, es gab jeweils 1 Sieg, 1 Unentschieden und 1 Niederlage. Vom DJK K\u00e4fertal trennte man sich 2:2, dem FC Oberstadt mussten wir uns 0:2 geschlagen geben und die TSG Rheinau wurde in einem Kleifeld-Spiel 8:7 bezwungen.<\/p>\n\n\n\n<p>Da die Trainingsbeteiligung eigentlich nach wir vor zufriedenstellend ist, hoffen wir, dass zumindest von unserer Seite im n\u00e4chsten Jahr keine Spielabsagen n\u00f6tig sein werden.<\/p>\n\n\n\n<p>Im gesellschaftlichen Bereich sind neben der ausgedehnten 3. Halbzeit nach jedem Donnerstag-Training 2 Events erw\u00e4hnenswert.<\/p>\n\n\n\n<p>Anfang September machte sich eine gr\u00f6ssere Gruppe auf den Weg nach Dortmund, um unseren fr\u00fcheren Mitspieler Stephan in seiner neuen\/alten Heimat zu besuchen. Nach der Ankunft ging es in den Signal-Iduna-Park, wo wir uns die Bundesliga-Begegnung Borussia Dortmund \u2013 Bayer Leverkusen anschauten. Nach dem Spiel ging es dann in die Stammkneipe von Stephan, eine urige Fussball-Kneipe, in der wir bei hausgemachten Frikadellen und einigen Dortmunder St\u00f6sschen (mir war neu, dass man Bier aus noch kleineren Gl\u00e4sern als K\u00f6lsch trinken kann) das Gesehene Revue passieren lie\u00dfen und die Einheimischen mit allerlei Mannheimer Liedgut unterhielten. Nach einem kurzen Abstecher in unser Hotel ging es dann (f\u00fcr die Meisten) weiter in ein anderes Dortmunder In-Lokal und zum Abschluss gab es noch einen Absacker an der Hotelbar. Am n\u00e4chsten Morgen gab es noch einen Abstecher ins DFB-Museum, bei dem einige schon wieder ihren Ehrgeiz im Dribbel-Parcour und an der Torwand auslebten ehe wir uns gegen Mittag auf den Heimweg machten.<\/p>\n\n\n\n<p>Anfang November war eigentlich unser letztes Spiel geplant, aber leider wurde dieses vom Gegner abgesagt. Nicht abgesagt wurde jedoch der geplante Saisonabschluss an diesem Tag. Um auch wirklich genug Durst zu entwickeln wurde ein internes Trainingsspiel angesetzt, bei dem die Beteiligung erfreulich hoch war. Danach waren dann incl. passiver Mitglieder und Frauen 40 Personen anwesend um sich an dem wieder hervorragenden Buffet unserer Wirtsleute zu erfreuen, und bis in die fr\u00fchen Morgenstunden das Jahr noch einmal eingehend zu analysieren.<\/p>\n\n\n\n<p>Wer Lust bekommen hat, auch an solchen Events teilzunehmen und nat\u00fcrlich auch mit uns zu kicken, wir trainieren jeden Donnerstag von 19-20 Uhr<\/p>\n","protected":false},"excerpt":{"rendered":"<p>Sportlich gibt es aus diesem Jahr wenig zu berichten. Von insgesamt 12 geplanten Spielen fanden im Endeffekt nur 3 statt. Alle anderen wurden aus Personalmangel, teils von uns, teils vom Gegner, abgesagt. Die Bilanz der Spiele ist absolut ausgeglichen, es gab jeweils 1 Sieg, 1 Unentschieden und 1 Niederlage. Vom DJK K\u00e4fertal trennte man sich&hellip;&nbsp;<a href=\"https:\/\/mfc08.de\/?p=854\" rel=\"bookmark\">Weiterlesen &raquo;<span class=\"screen-reader-text\">das Jahr 2019 der AH<\/span><\/a><\/p>\n","protected":false},"author":5,"featured_media":980,"comment_status":"closed","ping_status":"open","sticky":false,"template":"","format":"standard","meta":{"neve_meta_sidebar":"","neve_meta_container":"","neve_meta_enable_content_width":"off","neve_meta_content_width":0,"neve_meta_title_alignment":"","neve_meta_author_avatar":"","neve_post_elements_order":"","neve_meta_disable_header":"","neve_meta_disable_footer":"","neve_meta_disable_title":"","_themeisle_gutenberg_block_has_review":false,"footnotes":""},"categories":[9,1],"tags":[],"class_list":["post-854","post","type-post","status-publish","format-standard","has-post-thumbnail","hentry","category-ah","category-uncategorized"],"_links":{"self":[{"href":"https:\/\/mfc08.de\/index.php?rest_route=\/wp\/v2\/posts\/854","targetHints":{"allow":["GET"]}}],"collection":[{"href":"https:\/\/mfc08.de\/index.php?rest_route=\/wp\/v2\/posts"}],"about":[{"href":"https:\/\/mfc08.de\/index.php?rest_route=\/wp\/v2\/types\/post"}],"author":[{"embeddable":true,"href":"https:\/\/mfc08.de\/index.php?rest_route=\/wp\/v2\/users\/5"}],"replies":[{"embeddable":true,"href":"https:\/\/mfc08.de\/index.php?rest_route=%2Fwp%2Fv2%2Fcomments&post=854"}],"version-history":[{"count":1,"href":"https:\/\/mfc08.de\/index.php?rest_route=\/wp\/v2\/posts\/854\/revisions"}],"predecessor-version":[{"id":866,"href":"https:\/\/mfc08.de\/index.php?rest_route=\/wp\/v2\/posts\/854\/revisions\/866"}],"wp:featuredmedia":[{"embeddable":true,"href":"https:\/\/mfc08.de\/index.php?rest_route=\/wp\/v2\/media\/980"}],"wp:attachment":[{"href":"https:\/\/mfc08.de\/index.php?rest_route=%2Fwp%2Fv2%2Fmedia&parent=854"}],"wp:term":[{"taxonomy":"category","embeddable":true,"href":"https:\/\/mfc08.de\/index.php?rest_route=%2Fwp%2Fv2%2Fcategories&post=854"},{"taxonomy":"post_tag","embeddable":true,"href":"https:\/\/mfc08.de\/index.php?rest_route=%2Fwp%2Fv2%2Ftags&post=854"}],"curies":[{"name":"wp","href":"https:\/\/api.w.org\/{rel}","templated":true}]}}