{"id":8640,"date":"2024-11-03T23:13:43","date_gmt":"2024-11-03T23:13:43","guid":{"rendered":"https:\/\/mfc08.de\/?p=8640"},"modified":"2024-11-03T23:13:45","modified_gmt":"2024-11-03T23:13:45","slug":"mfc-08-lindenhof-2-tsv-neckarau-2-31-30","status":"publish","type":"post","link":"https:\/\/mfc08.de\/?p=8640","title":{"rendered":"MFC 08 Lindenhof 2 &#8211;\u00a0 TSV Neckarau 2 \u00a03:1 (3:0)"},"content":{"rendered":"\n<p>Einen souver\u00e4nen 3:1 (3:0) Derbysieg feierte die zweite Mannschaft gegen den TSV Neckarau 2<\/p>\n\n\n\n<p>Die Mannschaft \u00fcbernahm von Anfang an klar das Kommando auf dem Platz, tat sich aber zun\u00e4chst schwer wirkliche Torgefahr zu entwickeln. Eine erste Chance vom Nico Jehle konnte der TSV-Torh\u00fcter noch parieren, aber Mitte der ersten Halbzeit kam Leon Umst\u00e4tter an der Strafraumgrenze zum Schu\u00df und traf zur F\u00fchrung. Auch danach hatte unser Team das Spiel sicher im Griff und Jannik Neumann sorgte mit einem Doppelschlag nach einer halben Stunde schon f\u00fcr eine Vorentscheidung. Zun\u00e4chst stand er bei er Flanke am langen Pfosten richtig und traf zum 2:0 und kurz danach spielte Simon St\u00f6ckl einen herrlichen Pass in seinen Lauf und diesmal traf aus spitzem Winkel zum 3:0. In der zweiten Halbzeit verwaltete unsere Elf das Spiel souver\u00e4n, lie\u00df aber im Spiel nach vorne die letzte Konsequenz vermissen. Kurz vor Spielende verk\u00fcrzten die G\u00e4ste zwar noch auf 3:1, aber das \u00e4nderte nichts mehr am hochverdienten Sieg unserer Zweiten<\/p>\n\n\n\n<p>N\u00e4chste Woche ist die Elf spielfrei, danach besteht im Heimspiel gegen das punktlose Schlusslicht FC T\u00fcrkspor Mannheim 2 die n\u00e4chste Chance sich weiter ins Mittelfeld abzusetzen<\/p>\n","protected":false},"excerpt":{"rendered":"<p>Einen souver\u00e4nen 3:1 (3:0) Derbysieg feierte die zweite Mannschaft gegen den TSV Neckarau 2 Die Mannschaft \u00fcbernahm von Anfang an klar das Kommando auf dem Platz, tat sich aber zun\u00e4chst schwer wirkliche Torgefahr zu entwickeln. Eine erste Chance vom Nico Jehle konnte der TSV-Torh\u00fcter noch parieren, aber Mitte der ersten Halbzeit kam Leon Umst\u00e4tter an&hellip;&nbsp;<a href=\"https:\/\/mfc08.de\/?p=8640\" rel=\"bookmark\">Weiterlesen &raquo;<span class=\"screen-reader-text\">MFC 08 Lindenhof 2 &#8211;\u00a0 TSV Neckarau 2 \u00a03:1 (3:0)<\/span><\/a><\/p>\n","protected":false},"author":5,"featured_media":8483,"comment_status":"closed","ping_status":"closed","sticky":false,"template":"","format":"standard","meta":{"neve_meta_sidebar":"","neve_meta_container":"","neve_meta_enable_content_width":"","neve_meta_content_width":0,"neve_meta_title_alignment":"","neve_meta_author_avatar":"","neve_post_elements_order":"","neve_meta_disable_header":"","neve_meta_disable_footer":"","neve_meta_disable_title":"","_themeisle_gutenberg_block_has_review":false,"footnotes":""},"categories":[5],"tags":[],"class_list":["post-8640","post","type-post","status-publish","format-standard","has-post-thumbnail","hentry","category-2-mannschaft"],"_links":{"self":[{"href":"https:\/\/mfc08.de\/index.php?rest_route=\/wp\/v2\/posts\/8640","targetHints":{"allow":["GET"]}}],"collection":[{"href":"https:\/\/mfc08.de\/index.php?rest_route=\/wp\/v2\/posts"}],"about":[{"href":"https:\/\/mfc08.de\/index.php?rest_route=\/wp\/v2\/types\/post"}],"author":[{"embeddable":true,"href":"https:\/\/mfc08.de\/index.php?rest_route=\/wp\/v2\/users\/5"}],"replies":[{"embeddable":true,"href":"https:\/\/mfc08.de\/index.php?rest_route=%2Fwp%2Fv2%2Fcomments&post=8640"}],"version-history":[{"count":1,"href":"https:\/\/mfc08.de\/index.php?rest_route=\/wp\/v2\/posts\/8640\/revisions"}],"predecessor-version":[{"id":8641,"href":"https:\/\/mfc08.de\/index.php?rest_route=\/wp\/v2\/posts\/8640\/revisions\/8641"}],"wp:featuredmedia":[{"embeddable":true,"href":"https:\/\/mfc08.de\/index.php?rest_route=\/wp\/v2\/media\/8483"}],"wp:attachment":[{"href":"https:\/\/mfc08.de\/index.php?rest_route=%2Fwp%2Fv2%2Fmedia&parent=8640"}],"wp:term":[{"taxonomy":"category","embeddable":true,"href":"https:\/\/mfc08.de\/index.php?rest_route=%2Fwp%2Fv2%2Fcategories&post=8640"},{"taxonomy":"post_tag","embeddable":true,"href":"https:\/\/mfc08.de\/index.php?rest_route=%2Fwp%2Fv2%2Ftags&post=8640"}],"curies":[{"name":"wp","href":"https:\/\/api.w.org\/{rel}","templated":true}]}}