{"id":8644,"date":"2024-11-10T23:09:15","date_gmt":"2024-11-10T23:09:15","guid":{"rendered":"https:\/\/mfc08.de\/?p=8644"},"modified":"2024-11-10T23:24:23","modified_gmt":"2024-11-10T23:24:23","slug":"fv-bruehl-2-mfc-08-lindenhof-12-01","status":"publish","type":"post","link":"https:\/\/mfc08.de\/?p=8644","title":{"rendered":"FV Br\u00fchl 2 &#8211; MFC 08 Lindenhof 1:2 (0:1)"},"content":{"rendered":"\n<p>Einen wichtigen 2:1 (1:0) Sieg feierte die erste Mannschaft beim FV Br\u00fchl 2<\/p>\n\n\n\n<p>Tim Glette brachte die Mannschaft nach einer halben Stunde in F\u00fchrung und dieses Ergebnis hatte bis in die turbulente Schlussphase Bestand. Zun\u00e4chst gelang den Gastgebern kurz vor Ende der regul\u00e4ren Spielzeit der Ausgleich. Aber in der Nachspielzeit gab es noch einmal einen Freisto\u00df in aussichtsreicher Position und Domenico Mangione verwandelte diesen zum 2:1 Siegtreffer. \u00a0<\/p>\n\n\n\n<p>N\u00e4chste Woche besteht im Spiel gegen die TSG Eintracht Plankstadt die M\u00f6glichkeit sich weiter im Mittelfeld festzusetzen<\/p>\n","protected":false},"excerpt":{"rendered":"<p>Einen wichtigen 2:1 (1:0) Sieg feierte die erste Mannschaft beim FV Br\u00fchl 2 Tim Glette brachte die Mannschaft nach einer halben Stunde in F\u00fchrung und dieses Ergebnis hatte bis in die turbulente Schlussphase Bestand. Zun\u00e4chst gelang den Gastgebern kurz vor Ende der regul\u00e4ren Spielzeit der Ausgleich. Aber in der Nachspielzeit gab es noch einmal einen&hellip;&nbsp;<a href=\"https:\/\/mfc08.de\/?p=8644\" rel=\"bookmark\">Weiterlesen &raquo;<span class=\"screen-reader-text\">FV Br\u00fchl 2 &#8211; MFC 08 Lindenhof 1:2 (0:1)<\/span><\/a><\/p>\n","protected":false},"author":5,"featured_media":8486,"comment_status":"closed","ping_status":"closed","sticky":false,"template":"","format":"standard","meta":{"neve_meta_sidebar":"","neve_meta_container":"","neve_meta_enable_content_width":"","neve_meta_content_width":0,"neve_meta_title_alignment":"","neve_meta_author_avatar":"","neve_post_elements_order":"","neve_meta_disable_header":"","neve_meta_disable_footer":"","neve_meta_disable_title":"","_themeisle_gutenberg_block_has_review":false,"footnotes":""},"categories":[3],"tags":[],"class_list":["post-8644","post","type-post","status-publish","format-standard","has-post-thumbnail","hentry","category-1-mannschaft"],"_links":{"self":[{"href":"https:\/\/mfc08.de\/index.php?rest_route=\/wp\/v2\/posts\/8644","targetHints":{"allow":["GET"]}}],"collection":[{"href":"https:\/\/mfc08.de\/index.php?rest_route=\/wp\/v2\/posts"}],"about":[{"href":"https:\/\/mfc08.de\/index.php?rest_route=\/wp\/v2\/types\/post"}],"author":[{"embeddable":true,"href":"https:\/\/mfc08.de\/index.php?rest_route=\/wp\/v2\/users\/5"}],"replies":[{"embeddable":true,"href":"https:\/\/mfc08.de\/index.php?rest_route=%2Fwp%2Fv2%2Fcomments&post=8644"}],"version-history":[{"count":2,"href":"https:\/\/mfc08.de\/index.php?rest_route=\/wp\/v2\/posts\/8644\/revisions"}],"predecessor-version":[{"id":8646,"href":"https:\/\/mfc08.de\/index.php?rest_route=\/wp\/v2\/posts\/8644\/revisions\/8646"}],"wp:featuredmedia":[{"embeddable":true,"href":"https:\/\/mfc08.de\/index.php?rest_route=\/wp\/v2\/media\/8486"}],"wp:attachment":[{"href":"https:\/\/mfc08.de\/index.php?rest_route=%2Fwp%2Fv2%2Fmedia&parent=8644"}],"wp:term":[{"taxonomy":"category","embeddable":true,"href":"https:\/\/mfc08.de\/index.php?rest_route=%2Fwp%2Fv2%2Fcategories&post=8644"},{"taxonomy":"post_tag","embeddable":true,"href":"https:\/\/mfc08.de\/index.php?rest_route=%2Fwp%2Fv2%2Ftags&post=8644"}],"curies":[{"name":"wp","href":"https:\/\/api.w.org\/{rel}","templated":true}]}}