{"id":8648,"date":"2024-11-17T18:14:00","date_gmt":"2024-11-17T18:14:00","guid":{"rendered":"https:\/\/mfc08.de\/?p=8648"},"modified":"2024-11-17T18:14:02","modified_gmt":"2024-11-17T18:14:02","slug":"mfc-08-lindenhof-2-fc-tuerkspor-mannheim-2-10-00","status":"publish","type":"post","link":"https:\/\/mfc08.de\/?p=8648","title":{"rendered":"MFC 08 Lindenhof 2 &#8211;\u00a0 FC T\u00fcrkspor Mannheim 2 \u00a01:0 (0:0)"},"content":{"rendered":"\n<p>Zu einem schwer erk\u00e4mpften 1:0 (0:0) Sieg kam die zweite Mannschaft gegen den FC T\u00fcrkspor Mannheim &nbsp;&nbsp;<\/p>\n\n\n\n<p>Gegen das punktlose Tabellen-Schlusslicht hatte unsere Elf von Beginn an deutlich mehr Ballbesitz und kam fr\u00fch zu einer ersten guten Chance durch Pino di Nato, aber der Torwart konnte den Ball gerade noch abwehren. Danach tat sich unser Team schwer trotz der klaren Dominanz Torgefahr zu entwickeln. Lediglich bei einem Schuss von Kai Armbruster musste der Torwart eingreifen. Kurz vor der Pause sah ein T\u00fcrkspor-Akteur f\u00fcr ein grobes Foul die rote Karte, so dass unser Elf die gesamte zweite Halbzeit in \u00dcberzahl bestreiten konnte. Doch es \u00e4nderte sich nichts am Spielverlauf. Das Team agierte weiterhin einfallslos und ohne Tempo nach vorne. Erst in der Schlussphase gab es nochmals Chancen. Zun\u00e4chst traf Samuel Atama mit einem Kopfball nur den Innenpfosten. Und dann fiel doch noch der Siegtreffer. Sawand Shahin kam im Strafraum an den Ball und der Torwart lie\u00df den eigentlich harmlosen Schuss zum 1:0 durchrutschen.<\/p>\n\n\n\n<p>N\u00e4chste Woche tritt die Elf beim FC Hochst\u00e4tt T\u00fcrkspor an und hat dort die M\u00f6glichkeit sich weiter ins Mittelfeld vorzuarbeiten &nbsp;<\/p>\n","protected":false},"excerpt":{"rendered":"<p>Zu einem schwer erk\u00e4mpften 1:0 (0:0) Sieg kam die zweite Mannschaft gegen den FC T\u00fcrkspor Mannheim &nbsp;&nbsp; Gegen das punktlose Tabellen-Schlusslicht hatte unsere Elf von Beginn an deutlich mehr Ballbesitz und kam fr\u00fch zu einer ersten guten Chance durch Pino di Nato, aber der Torwart konnte den Ball gerade noch abwehren. Danach tat sich unser&hellip;&nbsp;<a href=\"https:\/\/mfc08.de\/?p=8648\" rel=\"bookmark\">Weiterlesen &raquo;<span class=\"screen-reader-text\">MFC 08 Lindenhof 2 &#8211;\u00a0 FC T\u00fcrkspor Mannheim 2 \u00a01:0 (0:0)<\/span><\/a><\/p>\n","protected":false},"author":5,"featured_media":8483,"comment_status":"closed","ping_status":"closed","sticky":false,"template":"","format":"standard","meta":{"neve_meta_sidebar":"","neve_meta_container":"","neve_meta_enable_content_width":"","neve_meta_content_width":0,"neve_meta_title_alignment":"","neve_meta_author_avatar":"","neve_post_elements_order":"","neve_meta_disable_header":"","neve_meta_disable_footer":"","neve_meta_disable_title":"","_themeisle_gutenberg_block_has_review":false,"footnotes":""},"categories":[5],"tags":[],"class_list":["post-8648","post","type-post","status-publish","format-standard","has-post-thumbnail","hentry","category-2-mannschaft"],"_links":{"self":[{"href":"https:\/\/mfc08.de\/index.php?rest_route=\/wp\/v2\/posts\/8648","targetHints":{"allow":["GET"]}}],"collection":[{"href":"https:\/\/mfc08.de\/index.php?rest_route=\/wp\/v2\/posts"}],"about":[{"href":"https:\/\/mfc08.de\/index.php?rest_route=\/wp\/v2\/types\/post"}],"author":[{"embeddable":true,"href":"https:\/\/mfc08.de\/index.php?rest_route=\/wp\/v2\/users\/5"}],"replies":[{"embeddable":true,"href":"https:\/\/mfc08.de\/index.php?rest_route=%2Fwp%2Fv2%2Fcomments&post=8648"}],"version-history":[{"count":1,"href":"https:\/\/mfc08.de\/index.php?rest_route=\/wp\/v2\/posts\/8648\/revisions"}],"predecessor-version":[{"id":8649,"href":"https:\/\/mfc08.de\/index.php?rest_route=\/wp\/v2\/posts\/8648\/revisions\/8649"}],"wp:featuredmedia":[{"embeddable":true,"href":"https:\/\/mfc08.de\/index.php?rest_route=\/wp\/v2\/media\/8483"}],"wp:attachment":[{"href":"https:\/\/mfc08.de\/index.php?rest_route=%2Fwp%2Fv2%2Fmedia&parent=8648"}],"wp:term":[{"taxonomy":"category","embeddable":true,"href":"https:\/\/mfc08.de\/index.php?rest_route=%2Fwp%2Fv2%2Fcategories&post=8648"},{"taxonomy":"post_tag","embeddable":true,"href":"https:\/\/mfc08.de\/index.php?rest_route=%2Fwp%2Fv2%2Ftags&post=8648"}],"curies":[{"name":"wp","href":"https:\/\/api.w.org\/{rel}","templated":true}]}}