{"id":868,"date":"2020-05-04T17:58:00","date_gmt":"2020-05-04T17:58:00","guid":{"rendered":"http:\/\/mfc08.de\/wordpress\/?p=868"},"modified":"2020-05-30T14:31:11","modified_gmt":"2020-05-30T14:31:11","slug":"nico-jehle-mit-mfc-08-knapp-vor-der-sensation","status":"publish","type":"post","link":"https:\/\/mfc08.de\/?p=868","title":{"rendered":"Nico Jehle mit MFC 08 knapp vor der Sensation"},"content":{"rendered":"\n<p>3704 Teilnehmer machten beim kicker Heimspiel Cup mit. In einem der gr\u00f6\u00dften eSport-Turniere Deutschlands traten zahlreiche Spieler f\u00fcr ihre Amateurvereine an. Die 1000 Euro Hauptgewinn f\u00fcr die Vereinskasse gewann Daniel Butenko (ehemaliger Deutscher Meister und E-Sport-Profi) f\u00fcr den TSV Neumarkt\/St. Veit. \u00dcber 1200 Zuschauer in der Spitze waren am finalen Sonntag im Livestream auf Twitch dabei, als die besten vier den Champion des 1. kicker Heimspiel-Cups ermittelten. Auch mit dabei war f\u00fcr den MFC 08 Lindenhof Nico Jehle, der am Ende einen hervorragenden 4. Platz belegte. Der kicker schreibt \u201eSchon im Semifinale hatte es n\u00e4mlich zeitweise intensiv nach Sensation gerochen, als Nico Jehle vom MFC 08 Lindenhof Butenko nach Hin- und R\u00fcckspiel nur denkbar knapp (2:1, 1:3) unterlegen war.\u201c Das folgende Spiel um Platz drei hatte nicht mehr den hohen Stellenwert, da beide Teilnehmer durch das Erreichen dieses Spieles bereits einen Trikotsatz f\u00fcr ihren Verein gewonnen hatten. Es bleibt zu hoffen, dass wir recht schnell auch wieder unseren \u201eechten\u201c Fu\u00dfball genie\u00dfen k\u00f6nnen, dann gerne auch in den neuen Trikots des kicker Heimspiel Cup.<\/p>\n","protected":false},"excerpt":{"rendered":"<p>3704 Teilnehmer machten beim kicker Heimspiel Cup mit. In einem der gr\u00f6\u00dften eSport-Turniere Deutschlands traten zahlreiche Spieler f\u00fcr ihre Amateurvereine an. Die 1000 Euro Hauptgewinn f\u00fcr die Vereinskasse gewann Daniel Butenko (ehemaliger Deutscher Meister und E-Sport-Profi) f\u00fcr den TSV Neumarkt\/St. Veit. \u00dcber 1200 Zuschauer in der Spitze waren am finalen Sonntag im Livestream auf Twitch&hellip;&nbsp;<a href=\"https:\/\/mfc08.de\/?p=868\" rel=\"bookmark\">Weiterlesen &raquo;<span class=\"screen-reader-text\">Nico Jehle mit MFC 08 knapp vor der Sensation<\/span><\/a><\/p>\n","protected":false},"author":5,"featured_media":979,"comment_status":"closed","ping_status":"open","sticky":false,"template":"","format":"standard","meta":{"neve_meta_sidebar":"","neve_meta_container":"","neve_meta_enable_content_width":"off","neve_meta_content_width":0,"neve_meta_title_alignment":"","neve_meta_author_avatar":"","neve_post_elements_order":"","neve_meta_disable_header":"","neve_meta_disable_footer":"","neve_meta_disable_title":"","_themeisle_gutenberg_block_has_review":false,"footnotes":""},"categories":[5],"tags":[],"class_list":["post-868","post","type-post","status-publish","format-standard","has-post-thumbnail","hentry","category-2-mannschaft"],"_links":{"self":[{"href":"https:\/\/mfc08.de\/index.php?rest_route=\/wp\/v2\/posts\/868","targetHints":{"allow":["GET"]}}],"collection":[{"href":"https:\/\/mfc08.de\/index.php?rest_route=\/wp\/v2\/posts"}],"about":[{"href":"https:\/\/mfc08.de\/index.php?rest_route=\/wp\/v2\/types\/post"}],"author":[{"embeddable":true,"href":"https:\/\/mfc08.de\/index.php?rest_route=\/wp\/v2\/users\/5"}],"replies":[{"embeddable":true,"href":"https:\/\/mfc08.de\/index.php?rest_route=%2Fwp%2Fv2%2Fcomments&post=868"}],"version-history":[{"count":1,"href":"https:\/\/mfc08.de\/index.php?rest_route=\/wp\/v2\/posts\/868\/revisions"}],"predecessor-version":[{"id":870,"href":"https:\/\/mfc08.de\/index.php?rest_route=\/wp\/v2\/posts\/868\/revisions\/870"}],"wp:featuredmedia":[{"embeddable":true,"href":"https:\/\/mfc08.de\/index.php?rest_route=\/wp\/v2\/media\/979"}],"wp:attachment":[{"href":"https:\/\/mfc08.de\/index.php?rest_route=%2Fwp%2Fv2%2Fmedia&parent=868"}],"wp:term":[{"taxonomy":"category","embeddable":true,"href":"https:\/\/mfc08.de\/index.php?rest_route=%2Fwp%2Fv2%2Fcategories&post=868"},{"taxonomy":"post_tag","embeddable":true,"href":"https:\/\/mfc08.de\/index.php?rest_route=%2Fwp%2Fv2%2Ftags&post=868"}],"curies":[{"name":"wp","href":"https:\/\/api.w.org\/{rel}","templated":true}]}}