{"id":8683,"date":"2024-12-01T19:20:13","date_gmt":"2024-12-01T19:20:13","guid":{"rendered":"https:\/\/mfc08.de\/?p=8683"},"modified":"2024-12-01T19:20:14","modified_gmt":"2024-12-01T19:20:14","slug":"mfc-08-lindenhof-sg-oftersheim-11-10","status":"publish","type":"post","link":"https:\/\/mfc08.de\/?p=8683","title":{"rendered":"MFC 08 Lindenhof \u2013 SG Oftersheim 1:1 (1:0)"},"content":{"rendered":"\n<p>Im letzten Vorrundenspiel trennte sich die erste Mannschaft mit einem leistungsgerechten 1:1 (1:0) Unentschieden von der SG Oftersheim &nbsp;<\/p>\n\n\n\n<p>Unser Team erwische einen guten Start in das Spiel und kam fr\u00fch zu ersten Chancen. Nach einem langen Ball konnte Marko Markovic den Ball am gegnerischen Torwart vorbei legen, wurde dabei aber etwas zu weit nach au\u00dfen abgetrieben und setzte den Ball \u00fcber das Tor. Und kurz danach kam Mateo Atacanb nach einem Fehlpass der G\u00e4ste im Strafraum frei zum Schuss, doch auch dieser strich knapp \u00fcber das Tor. Danach kamen die G\u00e4ste besser in die Partie und wurden vor allem bei Standards immer wieder gef\u00e4hrlich. So streifte ein Freisto\u00df noch die Latte und auch bei einigen Kopfb\u00e4llen herrschte Gefahr, aber ein Tor gelang Oftersheim hierbei nicht. Statt dessen gelang unserem Team kurz vor der Pause die F\u00fchrung. Ein Angriff schien eigentlich schon abgefangen, doch die St\u00fcrmer setzten im gegnerischen Strafraum nach und so kam Sergio Latorre am Strafraum an den Ball und er traf zur F\u00fchrung. In der zweiten Halbzeit hatten die G\u00e4ste deutlich mehr Ballbesitz und kamen auch zur ersten guten Chance. Einen Freisto\u00df aus gef\u00e4hrlicher Distanz konnte Karl Geiser stark parieren und auch den Nachschuss konnte er noch an die Latte lenken. In der Schlussphase bot sich zun\u00e4chst Moritz Miller die Chance die F\u00fchrung auszubauen, doch er scheiterte frei vor dem gegnerischen Torwart. Und so kamen die G\u00e4ste doch noch zum Ausgleich. Nach einem langen Ball kam ein Oftersheim bedr\u00e4ng von 2 Abwehrspielern noch zum Abschluss und dieser senkte sich \u00fcber unseren Torwart ins lange Eck zum 1:1. Bei diesem Ergebnis blieb es bis zum Spielende. &nbsp;&nbsp;&nbsp;&nbsp;&nbsp;&nbsp;&nbsp;&nbsp;<\/p>\n\n\n\n<p>Somit beendet die Mannschaft die Vorrunde auf dem 11. Tabellenplatz und hat n\u00e4chste Woche im letzten Spiel des Jahres gegen den FV 03 Ladenburg die n\u00e4chste Chance den Abstand zu den unterer Pl\u00e4tzen weiter zu vergr\u00f6\u00dfern<\/p>\n","protected":false},"excerpt":{"rendered":"<p>Im letzten Vorrundenspiel trennte sich die erste Mannschaft mit einem leistungsgerechten 1:1 (1:0) Unentschieden von der SG Oftersheim &nbsp; Unser Team erwische einen guten Start in das Spiel und kam fr\u00fch zu ersten Chancen. Nach einem langen Ball konnte Marko Markovic den Ball am gegnerischen Torwart vorbei legen, wurde dabei aber etwas zu weit nach&hellip;&nbsp;<a href=\"https:\/\/mfc08.de\/?p=8683\" rel=\"bookmark\">Weiterlesen &raquo;<span class=\"screen-reader-text\">MFC 08 Lindenhof \u2013 SG Oftersheim 1:1 (1:0)<\/span><\/a><\/p>\n","protected":false},"author":5,"featured_media":8486,"comment_status":"closed","ping_status":"closed","sticky":false,"template":"","format":"standard","meta":{"neve_meta_sidebar":"","neve_meta_container":"","neve_meta_enable_content_width":"","neve_meta_content_width":0,"neve_meta_title_alignment":"","neve_meta_author_avatar":"","neve_post_elements_order":"","neve_meta_disable_header":"","neve_meta_disable_footer":"","neve_meta_disable_title":"","_themeisle_gutenberg_block_has_review":false,"footnotes":""},"categories":[3],"tags":[],"class_list":["post-8683","post","type-post","status-publish","format-standard","has-post-thumbnail","hentry","category-1-mannschaft"],"_links":{"self":[{"href":"https:\/\/mfc08.de\/index.php?rest_route=\/wp\/v2\/posts\/8683","targetHints":{"allow":["GET"]}}],"collection":[{"href":"https:\/\/mfc08.de\/index.php?rest_route=\/wp\/v2\/posts"}],"about":[{"href":"https:\/\/mfc08.de\/index.php?rest_route=\/wp\/v2\/types\/post"}],"author":[{"embeddable":true,"href":"https:\/\/mfc08.de\/index.php?rest_route=\/wp\/v2\/users\/5"}],"replies":[{"embeddable":true,"href":"https:\/\/mfc08.de\/index.php?rest_route=%2Fwp%2Fv2%2Fcomments&post=8683"}],"version-history":[{"count":1,"href":"https:\/\/mfc08.de\/index.php?rest_route=\/wp\/v2\/posts\/8683\/revisions"}],"predecessor-version":[{"id":8684,"href":"https:\/\/mfc08.de\/index.php?rest_route=\/wp\/v2\/posts\/8683\/revisions\/8684"}],"wp:featuredmedia":[{"embeddable":true,"href":"https:\/\/mfc08.de\/index.php?rest_route=\/wp\/v2\/media\/8486"}],"wp:attachment":[{"href":"https:\/\/mfc08.de\/index.php?rest_route=%2Fwp%2Fv2%2Fmedia&parent=8683"}],"wp:term":[{"taxonomy":"category","embeddable":true,"href":"https:\/\/mfc08.de\/index.php?rest_route=%2Fwp%2Fv2%2Fcategories&post=8683"},{"taxonomy":"post_tag","embeddable":true,"href":"https:\/\/mfc08.de\/index.php?rest_route=%2Fwp%2Fv2%2Ftags&post=8683"}],"curies":[{"name":"wp","href":"https:\/\/api.w.org\/{rel}","templated":true}]}}