{"id":8687,"date":"2024-12-08T19:52:38","date_gmt":"2024-12-08T19:52:38","guid":{"rendered":"https:\/\/mfc08.de\/?p=8687"},"modified":"2024-12-08T19:52:39","modified_gmt":"2024-12-08T19:52:39","slug":"mfc-08-lindenhof-fv-03-ladenburg-12-11","status":"publish","type":"post","link":"https:\/\/mfc08.de\/?p=8687","title":{"rendered":"MFC 08 Lindenhof \u2013 FV 03 Ladenburg 1:2 (1:1)"},"content":{"rendered":"\n<p>Mit einer 1:2 (1:1) Niederlage endete das letzte Spiel des Jahres unserer ersten Mannschaft gegen den FV 03 Ladenburg &nbsp;<\/p>\n\n\n\n<p>Das Spiel begann sehr gut f\u00fcr unser Team. Eine Flanke legte Mateo Atacan mit dem Kopf quer auf Alexander Kraus und der traf ebenfalls per Kopf zum 1:0. Aber die F\u00fchrung hielt leider nicht lange. Nach einem R\u00fcckpass z\u00f6gerte Karl Geiser etwas zu lange und traf dann bei seinem Versuch den Ball wegzuschlagen auch den Gegner leicht und der Schiedsrichter entschied auf Elfmeter, den die G\u00e4ste zum Ausgleich verwerteten. Danach entwickelte sich eine weitgehend ausgeglichene Partie, in denen aber die Abwehrreihen dominierten und Strafraumszenen somit Mangelware blieben. Auch in der zweiten Halbzeit \u00e4nderte sich zun\u00e4chst wenig am Spielverlauf, wobei die G\u00e4ste etwas aktiver waren. Aber die erste richtig gef\u00e4hrliche Situation hatte unsere Elf. Ein Schuss von Sergio Latorre streifte aber nur die Latte. Und so kam es wie leider so oft in den letzten Wochen. Nach einem Konter konnte Ladenburg in F\u00fchrung gehen. Da ein Schuss von Marko Markovic gerade noch abgeblockt wurde und Sergio Latorre aus aussichtsreicher Position verzog stand am Ende einer eigentlich ausgeglichenen Partie eine knappe Niederlage zu<\/p>\n","protected":false},"excerpt":{"rendered":"<p>Mit einer 1:2 (1:1) Niederlage endete das letzte Spiel des Jahres unserer ersten Mannschaft gegen den FV 03 Ladenburg &nbsp; Das Spiel begann sehr gut f\u00fcr unser Team. Eine Flanke legte Mateo Atacan mit dem Kopf quer auf Alexander Kraus und der traf ebenfalls per Kopf zum 1:0. Aber die F\u00fchrung hielt leider nicht lange.&hellip;&nbsp;<a href=\"https:\/\/mfc08.de\/?p=8687\" rel=\"bookmark\">Weiterlesen &raquo;<span class=\"screen-reader-text\">MFC 08 Lindenhof \u2013 FV 03 Ladenburg 1:2 (1:1)<\/span><\/a><\/p>\n","protected":false},"author":5,"featured_media":8486,"comment_status":"closed","ping_status":"closed","sticky":false,"template":"","format":"standard","meta":{"neve_meta_sidebar":"","neve_meta_container":"","neve_meta_enable_content_width":"","neve_meta_content_width":0,"neve_meta_title_alignment":"","neve_meta_author_avatar":"","neve_post_elements_order":"","neve_meta_disable_header":"","neve_meta_disable_footer":"","neve_meta_disable_title":"","_themeisle_gutenberg_block_has_review":false,"footnotes":""},"categories":[3],"tags":[],"class_list":["post-8687","post","type-post","status-publish","format-standard","has-post-thumbnail","hentry","category-1-mannschaft"],"_links":{"self":[{"href":"https:\/\/mfc08.de\/index.php?rest_route=\/wp\/v2\/posts\/8687","targetHints":{"allow":["GET"]}}],"collection":[{"href":"https:\/\/mfc08.de\/index.php?rest_route=\/wp\/v2\/posts"}],"about":[{"href":"https:\/\/mfc08.de\/index.php?rest_route=\/wp\/v2\/types\/post"}],"author":[{"embeddable":true,"href":"https:\/\/mfc08.de\/index.php?rest_route=\/wp\/v2\/users\/5"}],"replies":[{"embeddable":true,"href":"https:\/\/mfc08.de\/index.php?rest_route=%2Fwp%2Fv2%2Fcomments&post=8687"}],"version-history":[{"count":1,"href":"https:\/\/mfc08.de\/index.php?rest_route=\/wp\/v2\/posts\/8687\/revisions"}],"predecessor-version":[{"id":8688,"href":"https:\/\/mfc08.de\/index.php?rest_route=\/wp\/v2\/posts\/8687\/revisions\/8688"}],"wp:featuredmedia":[{"embeddable":true,"href":"https:\/\/mfc08.de\/index.php?rest_route=\/wp\/v2\/media\/8486"}],"wp:attachment":[{"href":"https:\/\/mfc08.de\/index.php?rest_route=%2Fwp%2Fv2%2Fmedia&parent=8687"}],"wp:term":[{"taxonomy":"category","embeddable":true,"href":"https:\/\/mfc08.de\/index.php?rest_route=%2Fwp%2Fv2%2Fcategories&post=8687"},{"taxonomy":"post_tag","embeddable":true,"href":"https:\/\/mfc08.de\/index.php?rest_route=%2Fwp%2Fv2%2Ftags&post=8687"}],"curies":[{"name":"wp","href":"https:\/\/api.w.org\/{rel}","templated":true}]}}