{"id":8693,"date":"2024-12-10T18:06:13","date_gmt":"2024-12-10T18:06:13","guid":{"rendered":"https:\/\/mfc08.de\/?p=8693"},"modified":"2024-12-10T18:06:15","modified_gmt":"2024-12-10T18:06:15","slug":"a-jugend-ein-goldener-herbst","status":"publish","type":"post","link":"https:\/\/mfc08.de\/?p=8693","title":{"rendered":"A Jugend &#8211; ein goldener Herbst"},"content":{"rendered":"\n<p>Die A-Jugend, zu zwei Dritteln bestehend aus B-Jugend-Spielern, hat eine \u00fcberragende Herbstrunde hingelegt und ihre Staffel in der Kreisklasse Mannheim souver\u00e4n gewonnen.<\/p>\n\n\n\n<p>Siegen gegen den SC Blumenau (3:1 und 9:1), die SG Oftersheim 2 (5:1) und die TSG\/Eintracht Plankstadt 2 (2:1 und 3:1) stand lediglich ein Unentschieden in Oftersheim (3:3) gegen\u00fcber.<\/p>\n\n\n\n<p>Hinzu kam noch ein 6:4-Sieg bei der TSG Rheinau, die ihr Team allerdings w\u00e4hrend der Saison zur\u00fcckgezogen hat, weshalb das Ergebnis nicht in der Tabelle ber\u00fccksichtigt wurde.<\/p>\n\n\n\n<p>Auch im Kreispokal hat sich die A-Jugend gegen die h\u00f6herklassigen Mannschaften des SKV Sandhofen (7:5 n.E.) und der TSG\/Eintracht Plankstadt 1 (1:0) durchgesetzt und steht nun im M\u00e4rz im Viertelfinale.<\/p>\n\n\n\n<p>Lehrgeld musste die A-Jugend in ihren Testspielen gegen allesamt h\u00f6herklassige Gegner zahlen und verlor gegen den FC Arminia Ludwigshafen (0:7), den SKV Sandhofen (0:2), den VfL Kurpfalz Neckarau (1:4) und den TSV Neckarau (1:4).<\/p>\n\n\n\n<p>Auch zwei Spiele gegen die 2. Mannschaft des 08 gingen verloren (1:4 und 4:5).<\/p>\n\n\n\n<p>Die Testspielniederlagen gegen st\u00e4rkere Gegner haben aber auf jeden Fall zu der herausragenden Bilanz in Meisterschaft und Pokal beigetragen.<\/p>\n\n\n\n<p>Und so kann in der Tat konstatiert werden: ein goldener Herbst f\u00fcr die A-Jugend!!!<\/p>\n\n\n\n<p><\/p>\n","protected":false},"excerpt":{"rendered":"<p>Die A-Jugend, zu zwei Dritteln bestehend aus B-Jugend-Spielern, hat eine \u00fcberragende Herbstrunde hingelegt und ihre Staffel in der Kreisklasse Mannheim souver\u00e4n gewonnen. Siegen gegen den SC Blumenau (3:1 und 9:1), die SG Oftersheim 2 (5:1) und die TSG\/Eintracht Plankstadt 2 (2:1 und 3:1) stand lediglich ein Unentschieden in Oftersheim (3:3) gegen\u00fcber. Hinzu kam noch ein&hellip;&nbsp;<a href=\"https:\/\/mfc08.de\/?p=8693\" rel=\"bookmark\">Weiterlesen &raquo;<span class=\"screen-reader-text\">A Jugend &#8211; ein goldener Herbst<\/span><\/a><\/p>\n","protected":false},"author":12,"featured_media":8694,"comment_status":"closed","ping_status":"closed","sticky":false,"template":"","format":"standard","meta":{"neve_meta_sidebar":"","neve_meta_container":"","neve_meta_enable_content_width":"","neve_meta_content_width":0,"neve_meta_title_alignment":"","neve_meta_author_avatar":"","neve_post_elements_order":"","neve_meta_disable_header":"","neve_meta_disable_footer":"","neve_meta_disable_title":"","_themeisle_gutenberg_block_has_review":false,"footnotes":""},"categories":[11,1],"tags":[],"class_list":["post-8693","post","type-post","status-publish","format-standard","has-post-thumbnail","hentry","category-jugend","category-uncategorized"],"_links":{"self":[{"href":"https:\/\/mfc08.de\/index.php?rest_route=\/wp\/v2\/posts\/8693","targetHints":{"allow":["GET"]}}],"collection":[{"href":"https:\/\/mfc08.de\/index.php?rest_route=\/wp\/v2\/posts"}],"about":[{"href":"https:\/\/mfc08.de\/index.php?rest_route=\/wp\/v2\/types\/post"}],"author":[{"embeddable":true,"href":"https:\/\/mfc08.de\/index.php?rest_route=\/wp\/v2\/users\/12"}],"replies":[{"embeddable":true,"href":"https:\/\/mfc08.de\/index.php?rest_route=%2Fwp%2Fv2%2Fcomments&post=8693"}],"version-history":[{"count":1,"href":"https:\/\/mfc08.de\/index.php?rest_route=\/wp\/v2\/posts\/8693\/revisions"}],"predecessor-version":[{"id":8695,"href":"https:\/\/mfc08.de\/index.php?rest_route=\/wp\/v2\/posts\/8693\/revisions\/8695"}],"wp:featuredmedia":[{"embeddable":true,"href":"https:\/\/mfc08.de\/index.php?rest_route=\/wp\/v2\/media\/8694"}],"wp:attachment":[{"href":"https:\/\/mfc08.de\/index.php?rest_route=%2Fwp%2Fv2%2Fmedia&parent=8693"}],"wp:term":[{"taxonomy":"category","embeddable":true,"href":"https:\/\/mfc08.de\/index.php?rest_route=%2Fwp%2Fv2%2Fcategories&post=8693"},{"taxonomy":"post_tag","embeddable":true,"href":"https:\/\/mfc08.de\/index.php?rest_route=%2Fwp%2Fv2%2Ftags&post=8693"}],"curies":[{"name":"wp","href":"https:\/\/api.w.org\/{rel}","templated":true}]}}