{"id":8858,"date":"2025-02-24T16:36:37","date_gmt":"2025-02-24T16:36:37","guid":{"rendered":"https:\/\/mfc08.de\/?p=8858"},"modified":"2025-02-24T16:36:39","modified_gmt":"2025-02-24T16:36:39","slug":"einladung-zur-jugendhauptversammlung-3","status":"publish","type":"post","link":"https:\/\/mfc08.de\/?p=8858","title":{"rendered":"Einladung zur Jugendhauptversammlung"},"content":{"rendered":"\n<p>An alle Mitglieder der Jugendabteilung,<\/p>\n\n\n\n<p>hiermit laden wir euch herzlich zur Jugendhauptversammlung am <strong>14.03.2025 um 18:30 Uhr<\/strong> im Geb\u00e4ude der Tennisabteilung am Promenadenweg 15, 68199 Mannheim ein. Eingeladen sind alle Trainer der Jugendabteilung und alle Spieler, die das 11.Lebensjahr vollendet haben und die Elternvertreter der Kinder, die das 11. Lebensjahr noch nicht erreicht haben (pro gemeldete Mannschaft im Spielbetrieb 2 Elternvertreter)<\/p>\n\n\n\n<p><strong><u>Tagesordnungspunkte<\/u><\/strong><\/p>\n\n\n\n<ol class=\"wp-block-list\">\n<li>Begr\u00fc\u00dfung<\/li>\n\n\n\n<li>Feststellung zur Ordnungsgem\u00e4\u00dfen Einberufung<\/li>\n\n\n\n<li>Feststellung der Beschlussf\u00e4higkeit<\/li>\n\n\n\n<li>Genehmigung der Tagesordnungspunkte<\/li>\n\n\n\n<li>Vorstellung der G\u00e4ste und ggf. Gru\u00dfworte (Uwe Jehle \u2013 Vorstand und Nico Rittershaus &#8211; F\u00f6rderverein)<\/li>\n\n\n\n<li>Information \u00fcber Turniere vom Veranstalter \u201eKomm Mit\u201c \u2013 von Mark Doy<\/li>\n\n\n\n<li>Vorstellung von Herrn Claus Scholl &#8211; neuer Platzwart<\/li>\n\n\n\n<li>Vorstellung Cemil Yikilmaz mit R\u00fcck- und Ausblick Sponsoring Mannheimer Eismanufaktur<\/li>\n\n\n\n<li>R\u00fcckblick auf die Herbstrunde 2024 und Ausblick Fr\u00fchjahrsrunde 2025 der einzelnen Jugendmannschaften<\/li>\n\n\n\n<li>Sportliche Ausrichtung der Jugendmannschaften<\/li>\n\n\n\n<li>R\u00fcckblick auf die Vereinsfeste \u2013 Sommerfest \/ Weihnachtsfeier<\/li>\n\n\n\n<li>Planungen f\u00fcr Aktivit\u00e4ten 2025\n<ul class=\"wp-block-list\">\n<li>a &#8211; <span style=\"background-color: var(--nv-site-bg); color: var(--nv-text-color); font-family: var(--bodyfontfamily); font-size: var(--bodyfontsize); font-weight: var(--bodyfontweight); letter-spacing: var(--bodyletterspacing); text-transform: var(--bodytexttransform);\">Bildung eines Orga-Team f\u00fcr das Sommerfest<\/span><\/li>\n\n\n\n<li>b &#8211; <span style=\"background-color: var(--nv-site-bg); color: var(--nv-text-color); font-family: var(--bodyfontfamily); font-size: var(--bodyfontsize); font-weight: var(--bodyfontweight); letter-spacing: var(--bodyletterspacing); text-transform: var(--bodytexttransform);\">Aktionstag (Aufr\u00e4umen)<\/span><\/li>\n\n\n\n<li>c &#8211; <span style=\"background-color: var(--nv-site-bg); color: var(--nv-text-color); font-family: var(--bodyfontfamily); font-size: var(--bodyfontsize); font-weight: var(--bodyfontweight); letter-spacing: var(--bodyletterspacing); text-transform: var(--bodytexttransform);\">Sommer \/ Herbst Fu\u00dfball Camp<\/span><\/li>\n\n\n\n<li>d &#8211; <span style=\"background-color: var(--nv-site-bg); color: var(--nv-text-color); font-family: var(--bodyfontfamily); font-size: var(--bodyfontsize); font-weight: var(--bodyfontweight); letter-spacing: var(--bodyletterspacing); text-transform: var(--bodytexttransform);\">Weihnachtsfeier<\/span><\/li>\n\n\n\n<li>e &#8211; <span style=\"background-color: var(--nv-site-bg); color: var(--nv-text-color); font-family: var(--bodyfontfamily); font-size: var(--bodyfontsize); font-weight: var(--bodyfontweight); letter-spacing: var(--bodyletterspacing); text-transform: var(--bodytexttransform);\">Ausrichtung Qualifikationsturnier der D-Jugend im September?<\/span><\/li>\n\n\n\n<li>f &#8211; <span style=\"background-color: var(--nv-site-bg); color: var(--nv-text-color); font-family: var(--bodyfontfamily); font-size: var(--bodyfontsize); font-weight: var(--bodyfontweight); letter-spacing: var(--bodyletterspacing); text-transform: var(--bodytexttransform);\">Information Stand Kabinensanierung<\/span><\/li>\n\n\n\n<li>g &#8211;  <span style=\"background-color: var(--nv-site-bg); color: var(--nv-text-color); font-family: var(--bodyfontfamily); font-size: var(--bodyfontsize); font-weight: var(--bodyfontweight); letter-spacing: var(--bodyletterspacing); text-transform: var(--bodytexttransform);\">Bau einer Verkaufsk\u00fcche im Tennishaus, mit Aktionstagen Umgestaltung au\u00dfen und innen Bereich<\/span><\/li>\n\n\n\n<li>h &#8211; Bildung einer Arbeitsgruppe \u2013 \u00dcberarbeitung Jugendsatzung vom 08er<\/li>\n<\/ul>\n<\/li>\n\n\n\n<li>Kassenbericht<\/li>\n\n\n\n<li>Bericht der Kassenpr\u00fcfung<\/li>\n\n\n\n<li>Entlastung der Jugendleitung<\/li>\n\n\n\n<li>Beratung Haushaltsplan der Jugendabteilung<\/li>\n\n\n\n<li>Sonstiges mit Aussprache<\/li>\n\n\n\n<li>Verabschiedung<\/li>\n<\/ol>\n\n\n\n<p>Wir freuen uns, euch bei der Mitgliederversammlung zahlreich begr\u00fc\u00dfen zu d\u00fcrfen und verbleiben bis dahin<\/p>\n\n\n\n<p>Mit freundlichem Gru\u00df<\/p>\n\n\n\n<p><strong>Sven Drauschke und Robert Neudert<\/strong><strong><\/strong><\/p>\n\n\n\n<p>Jugendleitung &#8211; MFC 1908 Lindenhof e.V.<\/p>\n","protected":false},"excerpt":{"rendered":"<p>An alle Mitglieder der Jugendabteilung, hiermit laden wir euch herzlich zur Jugendhauptversammlung am 14.03.2025 um 18:30 Uhr im Geb\u00e4ude der Tennisabteilung am Promenadenweg 15, 68199 Mannheim ein. Eingeladen sind alle Trainer der Jugendabteilung und alle Spieler, die das 11.Lebensjahr vollendet haben und die Elternvertreter der Kinder, die das 11. Lebensjahr noch nicht erreicht haben (pro&hellip;&nbsp;<a href=\"https:\/\/mfc08.de\/?p=8858\" rel=\"bookmark\">Weiterlesen &raquo;<span class=\"screen-reader-text\">Einladung zur Jugendhauptversammlung<\/span><\/a><\/p>\n","protected":false},"author":9,"featured_media":8859,"comment_status":"closed","ping_status":"closed","sticky":false,"template":"","format":"standard","meta":{"neve_meta_sidebar":"","neve_meta_container":"","neve_meta_enable_content_width":"","neve_meta_content_width":0,"neve_meta_title_alignment":"","neve_meta_author_avatar":"","neve_post_elements_order":"","neve_meta_disable_header":"","neve_meta_disable_footer":"","neve_meta_disable_title":"","_themeisle_gutenberg_block_has_review":false,"footnotes":""},"categories":[11,1],"tags":[],"class_list":["post-8858","post","type-post","status-publish","format-standard","has-post-thumbnail","hentry","category-jugend","category-uncategorized"],"_links":{"self":[{"href":"https:\/\/mfc08.de\/index.php?rest_route=\/wp\/v2\/posts\/8858","targetHints":{"allow":["GET"]}}],"collection":[{"href":"https:\/\/mfc08.de\/index.php?rest_route=\/wp\/v2\/posts"}],"about":[{"href":"https:\/\/mfc08.de\/index.php?rest_route=\/wp\/v2\/types\/post"}],"author":[{"embeddable":true,"href":"https:\/\/mfc08.de\/index.php?rest_route=\/wp\/v2\/users\/9"}],"replies":[{"embeddable":true,"href":"https:\/\/mfc08.de\/index.php?rest_route=%2Fwp%2Fv2%2Fcomments&post=8858"}],"version-history":[{"count":1,"href":"https:\/\/mfc08.de\/index.php?rest_route=\/wp\/v2\/posts\/8858\/revisions"}],"predecessor-version":[{"id":8860,"href":"https:\/\/mfc08.de\/index.php?rest_route=\/wp\/v2\/posts\/8858\/revisions\/8860"}],"wp:featuredmedia":[{"embeddable":true,"href":"https:\/\/mfc08.de\/index.php?rest_route=\/wp\/v2\/media\/8859"}],"wp:attachment":[{"href":"https:\/\/mfc08.de\/index.php?rest_route=%2Fwp%2Fv2%2Fmedia&parent=8858"}],"wp:term":[{"taxonomy":"category","embeddable":true,"href":"https:\/\/mfc08.de\/index.php?rest_route=%2Fwp%2Fv2%2Fcategories&post=8858"},{"taxonomy":"post_tag","embeddable":true,"href":"https:\/\/mfc08.de\/index.php?rest_route=%2Fwp%2Fv2%2Ftags&post=8858"}],"curies":[{"name":"wp","href":"https:\/\/api.w.org\/{rel}","templated":true}]}}