{"id":8925,"date":"2025-03-09T19:34:09","date_gmt":"2025-03-09T19:34:09","guid":{"rendered":"https:\/\/mfc08.de\/?p=8925"},"modified":"2025-03-09T19:34:11","modified_gmt":"2025-03-09T19:34:11","slug":"fv-08-hockenheim-mfc-08-lindenhof-2-50-30","status":"publish","type":"post","link":"https:\/\/mfc08.de\/?p=8925","title":{"rendered":"FV 08 Hockenheim &#8211; MFC 08 Lindenhof 2 5:0 (3:0)"},"content":{"rendered":"\n<p>Einer klare 0:5 (0:3) Niederlage musste die zweie Mannschaft in der Partie beim FV 08 Hockenheim hinnehmen<\/p>\n\n\n\n<p>Die Gastgeber gingen schon fr\u00fch in F\u00fchrung und bauten diese bis zur Halbzeit auf 3:0 aus. Durch zwei Tore Mitte der zweiten Halbzeit erh\u00f6hte Hockenheim, einer der Mitfavoriten auf den Aufstieg, sogar noch auf 5:0<\/p>\n\n\n\n<p>N\u00e4chste Woche empf\u00e4ngt die Mannschaft die Spvgg Ketsch 2 und hofft dort auf die ersten Punkte in der R\u00fcckrunde<\/p>\n","protected":false},"excerpt":{"rendered":"<p>Einer klare 0:5 (0:3) Niederlage musste die zweie Mannschaft in der Partie beim FV 08 Hockenheim hinnehmen Die Gastgeber gingen schon fr\u00fch in F\u00fchrung und bauten diese bis zur Halbzeit auf 3:0 aus. Durch zwei Tore Mitte der zweiten Halbzeit erh\u00f6hte Hockenheim, einer der Mitfavoriten auf den Aufstieg, sogar noch auf 5:0 N\u00e4chste Woche empf\u00e4ngt&hellip;&nbsp;<a href=\"https:\/\/mfc08.de\/?p=8925\" rel=\"bookmark\">Weiterlesen &raquo;<span class=\"screen-reader-text\">FV 08 Hockenheim &#8211; MFC 08 Lindenhof 2 5:0 (3:0)<\/span><\/a><\/p>\n","protected":false},"author":5,"featured_media":8771,"comment_status":"closed","ping_status":"closed","sticky":false,"template":"","format":"standard","meta":{"neve_meta_sidebar":"","neve_meta_container":"","neve_meta_enable_content_width":"","neve_meta_content_width":0,"neve_meta_title_alignment":"","neve_meta_author_avatar":"","neve_post_elements_order":"","neve_meta_disable_header":"","neve_meta_disable_footer":"","neve_meta_disable_title":"","_themeisle_gutenberg_block_has_review":false,"footnotes":""},"categories":[5],"tags":[],"class_list":["post-8925","post","type-post","status-publish","format-standard","has-post-thumbnail","hentry","category-2-mannschaft"],"_links":{"self":[{"href":"https:\/\/mfc08.de\/index.php?rest_route=\/wp\/v2\/posts\/8925","targetHints":{"allow":["GET"]}}],"collection":[{"href":"https:\/\/mfc08.de\/index.php?rest_route=\/wp\/v2\/posts"}],"about":[{"href":"https:\/\/mfc08.de\/index.php?rest_route=\/wp\/v2\/types\/post"}],"author":[{"embeddable":true,"href":"https:\/\/mfc08.de\/index.php?rest_route=\/wp\/v2\/users\/5"}],"replies":[{"embeddable":true,"href":"https:\/\/mfc08.de\/index.php?rest_route=%2Fwp%2Fv2%2Fcomments&post=8925"}],"version-history":[{"count":1,"href":"https:\/\/mfc08.de\/index.php?rest_route=\/wp\/v2\/posts\/8925\/revisions"}],"predecessor-version":[{"id":8926,"href":"https:\/\/mfc08.de\/index.php?rest_route=\/wp\/v2\/posts\/8925\/revisions\/8926"}],"wp:featuredmedia":[{"embeddable":true,"href":"https:\/\/mfc08.de\/index.php?rest_route=\/wp\/v2\/media\/8771"}],"wp:attachment":[{"href":"https:\/\/mfc08.de\/index.php?rest_route=%2Fwp%2Fv2%2Fmedia&parent=8925"}],"wp:term":[{"taxonomy":"category","embeddable":true,"href":"https:\/\/mfc08.de\/index.php?rest_route=%2Fwp%2Fv2%2Fcategories&post=8925"},{"taxonomy":"post_tag","embeddable":true,"href":"https:\/\/mfc08.de\/index.php?rest_route=%2Fwp%2Fv2%2Ftags&post=8925"}],"curies":[{"name":"wp","href":"https:\/\/api.w.org\/{rel}","templated":true}]}}