{"id":8944,"date":"2025-03-16T20:43:59","date_gmt":"2025-03-16T20:43:59","guid":{"rendered":"https:\/\/mfc08.de\/?p=8944"},"modified":"2025-03-16T20:44:01","modified_gmt":"2025-03-16T20:44:01","slug":"mfc-08-lindenhof-2-spvgg-ketsch-2-25-22","status":"publish","type":"post","link":"https:\/\/mfc08.de\/?p=8944","title":{"rendered":"MFC 08 Lindenhof 2 \u2013 Spvgg Ketsch 2 2:5 (2:2)"},"content":{"rendered":"\n<p>Mit einer 2:5 (2:2) Niederlage endete das Heimspiel der zweiten Mannschaft gegen die Spvgg Ketsch &nbsp;2<\/p>\n\n\n\n<p>Das Spiel begann eigentlich gut f\u00fcr unser Team, denn schon fr\u00fch konnte sich Alessio Kargbo im Strafraum durchsetzen und die F\u00fchrung erzielen. Doch danach \u00fcbernahmen die G\u00e4ste mehr und mehr das Kommando. Nachdem eine Mehrfach-Chance noch mit vereinten Kr\u00e4ften gekl\u00e4rt werden konnte, fiel dann aber doch der Ausgleich und nur kurz danach gingen die G\u00e4ste sogar in F\u00fchrung. Kurz vor der Pause kam dann nochmal Hoffnung auf, als Elijah Roob den Ausgleich erzielen konnte. Aber auch nach dem Wechsel blieb Ketsch am Dr\u00fccker und ging schnell erneut in F\u00fchrung. Noch einmal bot sich die Chance zum Ausgleich, doch nach einem feinen Angriff verfehlte Vito Pasculli mit einem Kopfball aus kurzer Distanz das Tor. Mitte der zweiten Halbzeit gab es dann einen berechtigten Elfmeter f\u00fcr die G\u00e4ste, den diese zum 2:4 nutzten, was gleichzeitig die Vorentscheidung war. Unsere Elf zwar weiter bem\u00fcht, doch Ketsch kontrollierte nun die Partie sicher und erh\u00f6hte noch auf 2:5<\/p>\n\n\n\n<p>N\u00e4chte Woche spielt die Elf beim SV 98 Schwetzingen 2<\/p>\n","protected":false},"excerpt":{"rendered":"<p>Mit einer 2:5 (2:2) Niederlage endete das Heimspiel der zweiten Mannschaft gegen die Spvgg Ketsch &nbsp;2 Das Spiel begann eigentlich gut f\u00fcr unser Team, denn schon fr\u00fch konnte sich Alessio Kargbo im Strafraum durchsetzen und die F\u00fchrung erzielen. Doch danach \u00fcbernahmen die G\u00e4ste mehr und mehr das Kommando. Nachdem eine Mehrfach-Chance noch mit vereinten Kr\u00e4ften&hellip;&nbsp;<a href=\"https:\/\/mfc08.de\/?p=8944\" rel=\"bookmark\">Weiterlesen &raquo;<span class=\"screen-reader-text\">MFC 08 Lindenhof 2 \u2013 Spvgg Ketsch 2 2:5 (2:2)<\/span><\/a><\/p>\n","protected":false},"author":5,"featured_media":8771,"comment_status":"closed","ping_status":"closed","sticky":false,"template":"","format":"standard","meta":{"neve_meta_sidebar":"","neve_meta_container":"","neve_meta_enable_content_width":"","neve_meta_content_width":0,"neve_meta_title_alignment":"","neve_meta_author_avatar":"","neve_post_elements_order":"","neve_meta_disable_header":"","neve_meta_disable_footer":"","neve_meta_disable_title":"","_themeisle_gutenberg_block_has_review":false,"footnotes":""},"categories":[5],"tags":[],"class_list":["post-8944","post","type-post","status-publish","format-standard","has-post-thumbnail","hentry","category-2-mannschaft"],"_links":{"self":[{"href":"https:\/\/mfc08.de\/index.php?rest_route=\/wp\/v2\/posts\/8944","targetHints":{"allow":["GET"]}}],"collection":[{"href":"https:\/\/mfc08.de\/index.php?rest_route=\/wp\/v2\/posts"}],"about":[{"href":"https:\/\/mfc08.de\/index.php?rest_route=\/wp\/v2\/types\/post"}],"author":[{"embeddable":true,"href":"https:\/\/mfc08.de\/index.php?rest_route=\/wp\/v2\/users\/5"}],"replies":[{"embeddable":true,"href":"https:\/\/mfc08.de\/index.php?rest_route=%2Fwp%2Fv2%2Fcomments&post=8944"}],"version-history":[{"count":1,"href":"https:\/\/mfc08.de\/index.php?rest_route=\/wp\/v2\/posts\/8944\/revisions"}],"predecessor-version":[{"id":8945,"href":"https:\/\/mfc08.de\/index.php?rest_route=\/wp\/v2\/posts\/8944\/revisions\/8945"}],"wp:featuredmedia":[{"embeddable":true,"href":"https:\/\/mfc08.de\/index.php?rest_route=\/wp\/v2\/media\/8771"}],"wp:attachment":[{"href":"https:\/\/mfc08.de\/index.php?rest_route=%2Fwp%2Fv2%2Fmedia&parent=8944"}],"wp:term":[{"taxonomy":"category","embeddable":true,"href":"https:\/\/mfc08.de\/index.php?rest_route=%2Fwp%2Fv2%2Fcategories&post=8944"},{"taxonomy":"post_tag","embeddable":true,"href":"https:\/\/mfc08.de\/index.php?rest_route=%2Fwp%2Fv2%2Ftags&post=8944"}],"curies":[{"name":"wp","href":"https:\/\/api.w.org\/{rel}","templated":true}]}}