{"id":8985,"date":"2025-03-30T21:39:52","date_gmt":"2025-03-30T21:39:52","guid":{"rendered":"https:\/\/mfc08.de\/?p=8985"},"modified":"2025-03-30T21:39:53","modified_gmt":"2025-03-30T21:39:53","slug":"mfc-08-lindenhof-2-djk-fortuna-edingen-neckarhausen-42-21","status":"publish","type":"post","link":"https:\/\/mfc08.de\/?p=8985","title":{"rendered":"MFC 08 Lindenhof 2 \u2013 DJK\/Fortuna Edingen-Neckarhausen 4:2 (2:1)"},"content":{"rendered":"\n<p>Durch ein verdientes 4:2 (2:1) gegen die DJK\/Fortuna Edingen-Neckarhausen feierte die zweite Mannschaft den ersten Sieg im neuen Jahr<\/p>\n\n\n\n<p>Die Mannschaft \u00fcbernahm von Anfang an das Kommando und konnte sich eine optische \u00dcberlegenheit erspielen, ohne diese aber zun\u00e4chst in Z\u00e4hlbares umm\u00fcnzen zu k\u00f6nnen. Und so geriet man Mitte der ersten Halbzeit nach einem Konter sogar in R\u00fcckstand. Doch die Mannschaft zeigte eine gute Reaktion. Schon kurz danach scheiterte Vito Pasculli zun\u00e4chst freistehend am Torwart, doch der Abpraller landete bei Cornelius Boll, der zum Ausgleich traf. Und noch vor der Pause konnte Alessio Kargbo einen schnell vorgetragenen Angriff zum 2:1 vollstrecken. Mit dieser knappen, aber verdienten F\u00fchrung ging es auch in die Pause. Nach der Pause erspielte sich das Team einige gute Chancen, um eine Vorentscheidung herbeizuf\u00fchren, doch ein weiterer Treffer wollte zun\u00e4chst nicht fallen. Stattdessen gelang den G\u00e4sten Mitte der zweiten Halbzeit der Ausgleich. Leon Umst\u00e4tter war es dann, der mit einem platziertem Schuss von der Strafraumgrenze die erneute F\u00fchrung erzielte, Auch in der Folgezeit blieben einige gute Chancen ungenutzt, so dass es bis kurz vor Schluss dauerte, bis Sawand Shahin nach feiner Vorarbeit von Bertan Akbulut mit dem 4:2 f\u00fcr die Entscheidung sorgte.<\/p>\n\n\n\n<p>N\u00e4chste Woche hat die Mannschaft im Heimspiel gegen den FK Bosna Mannheim die M\u00f6glichkeit weitere Pl\u00e4tze im Mittelfeld gut zu machen<\/p>\n","protected":false},"excerpt":{"rendered":"<p>Durch ein verdientes 4:2 (2:1) gegen die DJK\/Fortuna Edingen-Neckarhausen feierte die zweite Mannschaft den ersten Sieg im neuen Jahr Die Mannschaft \u00fcbernahm von Anfang an das Kommando und konnte sich eine optische \u00dcberlegenheit erspielen, ohne diese aber zun\u00e4chst in Z\u00e4hlbares umm\u00fcnzen zu k\u00f6nnen. Und so geriet man Mitte der ersten Halbzeit nach einem Konter sogar&hellip;&nbsp;<a href=\"https:\/\/mfc08.de\/?p=8985\" rel=\"bookmark\">Weiterlesen &raquo;<span class=\"screen-reader-text\">MFC 08 Lindenhof 2 \u2013 DJK\/Fortuna Edingen-Neckarhausen 4:2 (2:1)<\/span><\/a><\/p>\n","protected":false},"author":5,"featured_media":8771,"comment_status":"closed","ping_status":"closed","sticky":false,"template":"","format":"standard","meta":{"neve_meta_sidebar":"","neve_meta_container":"","neve_meta_enable_content_width":"","neve_meta_content_width":0,"neve_meta_title_alignment":"","neve_meta_author_avatar":"","neve_post_elements_order":"","neve_meta_disable_header":"","neve_meta_disable_footer":"","neve_meta_disable_title":"","_themeisle_gutenberg_block_has_review":false,"footnotes":""},"categories":[5],"tags":[],"class_list":["post-8985","post","type-post","status-publish","format-standard","has-post-thumbnail","hentry","category-2-mannschaft"],"_links":{"self":[{"href":"https:\/\/mfc08.de\/index.php?rest_route=\/wp\/v2\/posts\/8985","targetHints":{"allow":["GET"]}}],"collection":[{"href":"https:\/\/mfc08.de\/index.php?rest_route=\/wp\/v2\/posts"}],"about":[{"href":"https:\/\/mfc08.de\/index.php?rest_route=\/wp\/v2\/types\/post"}],"author":[{"embeddable":true,"href":"https:\/\/mfc08.de\/index.php?rest_route=\/wp\/v2\/users\/5"}],"replies":[{"embeddable":true,"href":"https:\/\/mfc08.de\/index.php?rest_route=%2Fwp%2Fv2%2Fcomments&post=8985"}],"version-history":[{"count":1,"href":"https:\/\/mfc08.de\/index.php?rest_route=\/wp\/v2\/posts\/8985\/revisions"}],"predecessor-version":[{"id":8986,"href":"https:\/\/mfc08.de\/index.php?rest_route=\/wp\/v2\/posts\/8985\/revisions\/8986"}],"wp:featuredmedia":[{"embeddable":true,"href":"https:\/\/mfc08.de\/index.php?rest_route=\/wp\/v2\/media\/8771"}],"wp:attachment":[{"href":"https:\/\/mfc08.de\/index.php?rest_route=%2Fwp%2Fv2%2Fmedia&parent=8985"}],"wp:term":[{"taxonomy":"category","embeddable":true,"href":"https:\/\/mfc08.de\/index.php?rest_route=%2Fwp%2Fv2%2Fcategories&post=8985"},{"taxonomy":"post_tag","embeddable":true,"href":"https:\/\/mfc08.de\/index.php?rest_route=%2Fwp%2Fv2%2Ftags&post=8985"}],"curies":[{"name":"wp","href":"https:\/\/api.w.org\/{rel}","templated":true}]}}