{"id":9096,"date":"2025-04-06T19:17:50","date_gmt":"2025-04-06T19:17:50","guid":{"rendered":"https:\/\/mfc08.de\/?p=9096"},"modified":"2025-04-06T19:17:52","modified_gmt":"2025-04-06T19:17:52","slug":"mfc-08-lindenhof-2-fk-bosna-mannheim-11-00","status":"publish","type":"post","link":"https:\/\/mfc08.de\/?p=9096","title":{"rendered":"MFC 08 Lindenhof 2 \u2013 FK Bosna Mannheim 1:1 (0:0)"},"content":{"rendered":"\n<p>Zu einem schmeichelhaften 1:1 (0:0) kam die zweite Mannschaft im Heimspiel gegen den FK Bosna Mannheim<\/p>\n\n\n\n<p>Es entwickelte sich von Anfang an eine relativ ausgeglichene Partie, in dem sich unsere Elf aber schwer tat, richtig Torgefahr zu entwickeln, w\u00e4hrend die G\u00e4ste im letzten Drittel deutlich zielstrebiger waren, und somit immer wieder zu guten Chancen kamen. Bei der besten Chance der ersten Halbzeit trafen sie nur den Pfosten und so blieb es bis zur Pause beim 0:0. Auch in der zweiten Halbzeit \u00e4nderte sich nichts am Spielverlauf, Bosna kam erneut immer wieder gef\u00e4hrlich zum Abschluss, doch Lennart Bayer im Tor reagierte mehrfach stark und konnte so einen R\u00fcckstand verhindern. Eine Viertelstunde dann sogar die \u00fcberraschende F\u00fchrung f\u00fcr unsere Elf. Samuel Atama traf mit einem Freisto\u00df zum 1:0. Doch diese F\u00fchrung sollte nicht lange halten. An der Strafraumgrenze kam wieder einmal ein Bosna-St\u00fcrmer zum Abschluss und diesmal traf er zum Ausgleich<\/p>\n\n\n\n<p>Im n\u00e4chsten Spiel geht es f\u00fcr die Mannschaft zum SC 08 Reilingen<\/p>\n","protected":false},"excerpt":{"rendered":"<p>Zu einem schmeichelhaften 1:1 (0:0) kam die zweite Mannschaft im Heimspiel gegen den FK Bosna Mannheim Es entwickelte sich von Anfang an eine relativ ausgeglichene Partie, in dem sich unsere Elf aber schwer tat, richtig Torgefahr zu entwickeln, w\u00e4hrend die G\u00e4ste im letzten Drittel deutlich zielstrebiger waren, und somit immer wieder zu guten Chancen kamen.&hellip;&nbsp;<a href=\"https:\/\/mfc08.de\/?p=9096\" rel=\"bookmark\">Weiterlesen &raquo;<span class=\"screen-reader-text\">MFC 08 Lindenhof 2 \u2013 FK Bosna Mannheim 1:1 (0:0)<\/span><\/a><\/p>\n","protected":false},"author":5,"featured_media":8771,"comment_status":"closed","ping_status":"closed","sticky":false,"template":"","format":"standard","meta":{"neve_meta_sidebar":"","neve_meta_container":"","neve_meta_enable_content_width":"","neve_meta_content_width":0,"neve_meta_title_alignment":"","neve_meta_author_avatar":"","neve_post_elements_order":"","neve_meta_disable_header":"","neve_meta_disable_footer":"","neve_meta_disable_title":"","_themeisle_gutenberg_block_has_review":false,"footnotes":""},"categories":[5],"tags":[],"class_list":["post-9096","post","type-post","status-publish","format-standard","has-post-thumbnail","hentry","category-2-mannschaft"],"_links":{"self":[{"href":"https:\/\/mfc08.de\/index.php?rest_route=\/wp\/v2\/posts\/9096","targetHints":{"allow":["GET"]}}],"collection":[{"href":"https:\/\/mfc08.de\/index.php?rest_route=\/wp\/v2\/posts"}],"about":[{"href":"https:\/\/mfc08.de\/index.php?rest_route=\/wp\/v2\/types\/post"}],"author":[{"embeddable":true,"href":"https:\/\/mfc08.de\/index.php?rest_route=\/wp\/v2\/users\/5"}],"replies":[{"embeddable":true,"href":"https:\/\/mfc08.de\/index.php?rest_route=%2Fwp%2Fv2%2Fcomments&post=9096"}],"version-history":[{"count":1,"href":"https:\/\/mfc08.de\/index.php?rest_route=\/wp\/v2\/posts\/9096\/revisions"}],"predecessor-version":[{"id":9097,"href":"https:\/\/mfc08.de\/index.php?rest_route=\/wp\/v2\/posts\/9096\/revisions\/9097"}],"wp:featuredmedia":[{"embeddable":true,"href":"https:\/\/mfc08.de\/index.php?rest_route=\/wp\/v2\/media\/8771"}],"wp:attachment":[{"href":"https:\/\/mfc08.de\/index.php?rest_route=%2Fwp%2Fv2%2Fmedia&parent=9096"}],"wp:term":[{"taxonomy":"category","embeddable":true,"href":"https:\/\/mfc08.de\/index.php?rest_route=%2Fwp%2Fv2%2Fcategories&post=9096"},{"taxonomy":"post_tag","embeddable":true,"href":"https:\/\/mfc08.de\/index.php?rest_route=%2Fwp%2Fv2%2Ftags&post=9096"}],"curies":[{"name":"wp","href":"https:\/\/api.w.org\/{rel}","templated":true}]}}