{"id":9098,"date":"2025-04-06T19:20:55","date_gmt":"2025-04-06T19:20:55","guid":{"rendered":"https:\/\/mfc08.de\/?p=9098"},"modified":"2025-04-06T19:20:57","modified_gmt":"2025-04-06T19:20:57","slug":"mfc-08-lindenhof-spvgg-wallstadt-03-02","status":"publish","type":"post","link":"https:\/\/mfc08.de\/?p=9098","title":{"rendered":"MFC 08 Lindenhof &#8211; Spvgg Wallstadt 0:3 (0:2)"},"content":{"rendered":"\n<p>Auch gegen die Spvgg Wallstadt unterlag die erste Mannschaft mit 0:3 (0:2) und wartet damit weiter auf den ersten Punktgewinn in der R\u00fcckrunde<\/p>\n\n\n\n<p>Nach einer ausgeglichenen Anfangsphase gingen die G\u00e4ste mit der ersten gef\u00e4hrlichen Aktion in F\u00fchrung. Nach einem unn\u00f6tigen Ballverlust in der eigenen H\u00e4lfte schaltete Wallstadt schnell um und den abschlie\u00dfenden Torschuss f\u00e4lschte Daniel Zimmermann unhaltbar f\u00fcr Karl Geiser zum 0:1 ab. Doch unsere Elf versuchte zur\u00fcckzukommen und Mitte der ersten Halbzeit bot sich die gro\u00dfe Chance zum Ausgleich. Nach einem Foul an Tahir Ert\u00fcrk gab es Elfmeter, doch Arafate Tcha-Gnaou jagte den Ball deutlich \u00fcber das Tor. Auch in der Folgezeit blieb das Spiel ausgeglichen, doch kurz vor der Pause erh\u00f6hte Wallstadt auf 2:0. Nach einer Ecke kam ein Wallst\u00e4dter am langen Pfosten v\u00f6llig unbedr\u00e4ngt an den Ball und vollendete locker. In der zweiten Halbzeit \u00fcberlie\u00dfen die G\u00e4ste unserer Elf mehr Ballbesitz, standen aber defensiv sicher und starteten immer wieder gef\u00e4hrliche Konter. Bei der ersten gro\u00dfen Chance konnte Karl Geiser noch gegen einen frei vor ihm auftauchenden St\u00fcrmer kl\u00e4ren, doch Mitte der zweiten Halbzeit leistete sich unsere Elf einen erneuten Ballverlust in der eigenen H\u00e4lfte, die G\u00e4ste schalteten wieder schnell um und diesmal lie\u00df man sich die Chance nicht entgehen und sorgte mit dem 0:3 f\u00fcr die Entscheidung. Unser Team war zwar weiter bem\u00fcht, doch zwei Aktionen in der Schlussphase stehen symbolisch f\u00fcr aktuelle Situation. Erst landete ein Freisto\u00df von Yusuf Demirci nur am Pfosten und in der Schlussminute konnte sich Erges Azizi zun\u00e4chst mit etwas Gl\u00fcck durchsetzen, scheiterte dann aber v\u00f6llig frei vor dem Wallst\u00e4dter Torwart.<\/p>\n\n\n\n<p>N\u00e4chste Woche steht das Spiel beim ASV Feudenheim auf dem Programm und es bleibt weiter nur die Hoffnung, dass dort endlich der erste Sieg der R\u00fcckrunde gelingt<\/p>\n","protected":false},"excerpt":{"rendered":"<p>Auch gegen die Spvgg Wallstadt unterlag die erste Mannschaft mit 0:3 (0:2) und wartet damit weiter auf den ersten Punktgewinn in der R\u00fcckrunde Nach einer ausgeglichenen Anfangsphase gingen die G\u00e4ste mit der ersten gef\u00e4hrlichen Aktion in F\u00fchrung. Nach einem unn\u00f6tigen Ballverlust in der eigenen H\u00e4lfte schaltete Wallstadt schnell um und den abschlie\u00dfenden Torschuss f\u00e4lschte Daniel&hellip;&nbsp;<a href=\"https:\/\/mfc08.de\/?p=9098\" rel=\"bookmark\">Weiterlesen &raquo;<span class=\"screen-reader-text\">MFC 08 Lindenhof &#8211; Spvgg Wallstadt 0:3 (0:2)<\/span><\/a><\/p>\n","protected":false},"author":5,"featured_media":8791,"comment_status":"closed","ping_status":"closed","sticky":false,"template":"","format":"standard","meta":{"neve_meta_sidebar":"","neve_meta_container":"","neve_meta_enable_content_width":"","neve_meta_content_width":0,"neve_meta_title_alignment":"","neve_meta_author_avatar":"","neve_post_elements_order":"","neve_meta_disable_header":"","neve_meta_disable_footer":"","neve_meta_disable_title":"","_themeisle_gutenberg_block_has_review":false,"footnotes":""},"categories":[3],"tags":[],"class_list":["post-9098","post","type-post","status-publish","format-standard","has-post-thumbnail","hentry","category-1-mannschaft"],"_links":{"self":[{"href":"https:\/\/mfc08.de\/index.php?rest_route=\/wp\/v2\/posts\/9098","targetHints":{"allow":["GET"]}}],"collection":[{"href":"https:\/\/mfc08.de\/index.php?rest_route=\/wp\/v2\/posts"}],"about":[{"href":"https:\/\/mfc08.de\/index.php?rest_route=\/wp\/v2\/types\/post"}],"author":[{"embeddable":true,"href":"https:\/\/mfc08.de\/index.php?rest_route=\/wp\/v2\/users\/5"}],"replies":[{"embeddable":true,"href":"https:\/\/mfc08.de\/index.php?rest_route=%2Fwp%2Fv2%2Fcomments&post=9098"}],"version-history":[{"count":1,"href":"https:\/\/mfc08.de\/index.php?rest_route=\/wp\/v2\/posts\/9098\/revisions"}],"predecessor-version":[{"id":9099,"href":"https:\/\/mfc08.de\/index.php?rest_route=\/wp\/v2\/posts\/9098\/revisions\/9099"}],"wp:featuredmedia":[{"embeddable":true,"href":"https:\/\/mfc08.de\/index.php?rest_route=\/wp\/v2\/media\/8791"}],"wp:attachment":[{"href":"https:\/\/mfc08.de\/index.php?rest_route=%2Fwp%2Fv2%2Fmedia&parent=9098"}],"wp:term":[{"taxonomy":"category","embeddable":true,"href":"https:\/\/mfc08.de\/index.php?rest_route=%2Fwp%2Fv2%2Fcategories&post=9098"},{"taxonomy":"post_tag","embeddable":true,"href":"https:\/\/mfc08.de\/index.php?rest_route=%2Fwp%2Fv2%2Ftags&post=9098"}],"curies":[{"name":"wp","href":"https:\/\/api.w.org\/{rel}","templated":true}]}}