{"id":9132,"date":"2025-04-13T18:06:33","date_gmt":"2025-04-13T18:06:33","guid":{"rendered":"https:\/\/mfc08.de\/?p=9132"},"modified":"2025-04-13T18:06:34","modified_gmt":"2025-04-13T18:06:34","slug":"asv-feudenheim-mfc-08-lindenhof-33-02","status":"publish","type":"post","link":"https:\/\/mfc08.de\/?p=9132","title":{"rendered":"ASV Feudenheim &#8211; MFC 08 Lindenhof 3:3 (0:2)"},"content":{"rendered":"\n<p>Mit einem 3:3 (2:0) beim ASV Feudenheim gelang der ersten Mannschaft der erste Punktgewinn im neuen Jahr<\/p>\n\n\n\n<p>Das Spiel begann gut f\u00fcr unsere Elf. Yusuf Demirci gelang fr\u00fch die F\u00fchrung und Mitte der ersten Halbzeit erh\u00f6hte er auf 2:0, was auch gleichzeitig der Halbzeitstand war. Als Ebou Ceesay bei seinem Debut f\u00fcr uns kurz nach Wiederbeginn sogar auf 3:0 erh\u00f6hte, deutete alles auf einen ganz wichtigen Sieg hin, doch Feudenheim verk\u00fcrzte schnell auf 1:3. In der Schlussphase verk\u00fcrzten die Gastgeber zun\u00e4chst auf 2:3 und in der Nachspielzeit musste unsere Elf sogar noch den Ausgleich zum 3:3 hinnehmen &nbsp;<\/p>\n\n\n\n<p>Es gilt jetzt aus diesem Spiel das Positive mitzunehmen und n\u00e4chste Woche beim SC Pfingstberg-Hochst\u00e4tt weitere Punkte im Abstiegskampf zu sammeln<\/p>\n","protected":false},"excerpt":{"rendered":"<p>Mit einem 3:3 (2:0) beim ASV Feudenheim gelang der ersten Mannschaft der erste Punktgewinn im neuen Jahr Das Spiel begann gut f\u00fcr unsere Elf. Yusuf Demirci gelang fr\u00fch die F\u00fchrung und Mitte der ersten Halbzeit erh\u00f6hte er auf 2:0, was auch gleichzeitig der Halbzeitstand war. Als Ebou Ceesay bei seinem Debut f\u00fcr uns kurz nach&hellip;&nbsp;<a href=\"https:\/\/mfc08.de\/?p=9132\" rel=\"bookmark\">Weiterlesen &raquo;<span class=\"screen-reader-text\">ASV Feudenheim &#8211; MFC 08 Lindenhof 3:3 (0:2)<\/span><\/a><\/p>\n","protected":false},"author":5,"featured_media":8791,"comment_status":"closed","ping_status":"closed","sticky":false,"template":"","format":"standard","meta":{"neve_meta_sidebar":"","neve_meta_container":"","neve_meta_enable_content_width":"","neve_meta_content_width":0,"neve_meta_title_alignment":"","neve_meta_author_avatar":"","neve_post_elements_order":"","neve_meta_disable_header":"","neve_meta_disable_footer":"","neve_meta_disable_title":"","_themeisle_gutenberg_block_has_review":false,"footnotes":""},"categories":[3],"tags":[],"class_list":["post-9132","post","type-post","status-publish","format-standard","has-post-thumbnail","hentry","category-1-mannschaft"],"_links":{"self":[{"href":"https:\/\/mfc08.de\/index.php?rest_route=\/wp\/v2\/posts\/9132","targetHints":{"allow":["GET"]}}],"collection":[{"href":"https:\/\/mfc08.de\/index.php?rest_route=\/wp\/v2\/posts"}],"about":[{"href":"https:\/\/mfc08.de\/index.php?rest_route=\/wp\/v2\/types\/post"}],"author":[{"embeddable":true,"href":"https:\/\/mfc08.de\/index.php?rest_route=\/wp\/v2\/users\/5"}],"replies":[{"embeddable":true,"href":"https:\/\/mfc08.de\/index.php?rest_route=%2Fwp%2Fv2%2Fcomments&post=9132"}],"version-history":[{"count":1,"href":"https:\/\/mfc08.de\/index.php?rest_route=\/wp\/v2\/posts\/9132\/revisions"}],"predecessor-version":[{"id":9133,"href":"https:\/\/mfc08.de\/index.php?rest_route=\/wp\/v2\/posts\/9132\/revisions\/9133"}],"wp:featuredmedia":[{"embeddable":true,"href":"https:\/\/mfc08.de\/index.php?rest_route=\/wp\/v2\/media\/8791"}],"wp:attachment":[{"href":"https:\/\/mfc08.de\/index.php?rest_route=%2Fwp%2Fv2%2Fmedia&parent=9132"}],"wp:term":[{"taxonomy":"category","embeddable":true,"href":"https:\/\/mfc08.de\/index.php?rest_route=%2Fwp%2Fv2%2Fcategories&post=9132"},{"taxonomy":"post_tag","embeddable":true,"href":"https:\/\/mfc08.de\/index.php?rest_route=%2Fwp%2Fv2%2Ftags&post=9132"}],"curies":[{"name":"wp","href":"https:\/\/api.w.org\/{rel}","templated":true}]}}