{"id":9159,"date":"2025-04-27T22:26:04","date_gmt":"2025-04-27T22:26:04","guid":{"rendered":"https:\/\/mfc08.de\/?p=9159"},"modified":"2025-04-27T22:26:05","modified_gmt":"2025-04-27T22:26:05","slug":"mfc-08-lindenhof-2-tsg-rheinau-00","status":"publish","type":"post","link":"https:\/\/mfc08.de\/?p=9159","title":{"rendered":"MFC 08 Lindenhof 2 \u2013 TSG Rheinau 0:0"},"content":{"rendered":"\n<p>Ein achtbares 0:0 Unentschieden erk\u00e4mpfte die zweite Mannschaft gegen den Aufstiegsaspiranten TSG Rheinau<\/p>\n\n\n\n<p>Die G\u00e4ste hatten zwar von Anfang an deutlich mehr Ballbesitz, aber die Defensive hielt gut dagegen und konnte daher gro\u00dfe Chancen weitgehend vermeiden. Bei zwei Lattentreffern hatte man auch das Gl\u00fcck des T\u00fcchtigen. Aber durch Vito Pasculli hatte man auch selbst die gro\u00dfe Chance zur F\u00fchrung, aber er scheiterte frei vor den Rheinauer Torwart. In der zweiten Halbzeit erh\u00f6hte Rheinau den Druck noch einmal, doch jetzt konnte sich Lucas Neuhof im Tor mehrfach auszeichnen, und so blieb es bis in die turbulente Schlussphase torlos. Zun\u00e4chst die gro\u00dfe Chance f\u00fcr unser Team. Nachdem der Torwart einen R\u00fcckpass mit der Hand aufnahm, gab es einen Freisto\u00df am F\u00fcnfmeter-Raum, doch dieser wurde von den Rheinauern abgeblockt. In der letzten Minute der regul\u00e4ren Spielzeit gab es dann einen Foulelfmeter f\u00fcr die G\u00e4ste, doch auch den konnte Lucas Neuhof parieren. In der \u00fcppigen Nachspielzeit scheiterte dann zun\u00e4chst Alessio Kargbo aus aussichtsreicher Position am Rheinauer Torwart, fast im Gegenzug wurde ein Schuss der G\u00e4ste gerade noch kurz vor der Linie gekl\u00e4rt und in der letzten Aktion des Spiels scheiterte Samuel Atama frei vor dem Rheinauer Torwart<\/p>\n\n\n\n<p>N\u00e4chste Woche steht f\u00fcr die Elf das Derby beim TSV Neckarau 2 auf dem Programm<\/p>\n","protected":false},"excerpt":{"rendered":"<p>Ein achtbares 0:0 Unentschieden erk\u00e4mpfte die zweite Mannschaft gegen den Aufstiegsaspiranten TSG Rheinau Die G\u00e4ste hatten zwar von Anfang an deutlich mehr Ballbesitz, aber die Defensive hielt gut dagegen und konnte daher gro\u00dfe Chancen weitgehend vermeiden. Bei zwei Lattentreffern hatte man auch das Gl\u00fcck des T\u00fcchtigen. Aber durch Vito Pasculli hatte man auch selbst die&hellip;&nbsp;<a href=\"https:\/\/mfc08.de\/?p=9159\" rel=\"bookmark\">Weiterlesen &raquo;<span class=\"screen-reader-text\">MFC 08 Lindenhof 2 \u2013 TSG Rheinau 0:0<\/span><\/a><\/p>\n","protected":false},"author":5,"featured_media":8771,"comment_status":"closed","ping_status":"closed","sticky":false,"template":"","format":"standard","meta":{"neve_meta_sidebar":"","neve_meta_container":"","neve_meta_enable_content_width":"","neve_meta_content_width":0,"neve_meta_title_alignment":"","neve_meta_author_avatar":"","neve_post_elements_order":"","neve_meta_disable_header":"","neve_meta_disable_footer":"","neve_meta_disable_title":"","_themeisle_gutenberg_block_has_review":false,"footnotes":""},"categories":[5],"tags":[],"class_list":["post-9159","post","type-post","status-publish","format-standard","has-post-thumbnail","hentry","category-2-mannschaft"],"_links":{"self":[{"href":"https:\/\/mfc08.de\/index.php?rest_route=\/wp\/v2\/posts\/9159","targetHints":{"allow":["GET"]}}],"collection":[{"href":"https:\/\/mfc08.de\/index.php?rest_route=\/wp\/v2\/posts"}],"about":[{"href":"https:\/\/mfc08.de\/index.php?rest_route=\/wp\/v2\/types\/post"}],"author":[{"embeddable":true,"href":"https:\/\/mfc08.de\/index.php?rest_route=\/wp\/v2\/users\/5"}],"replies":[{"embeddable":true,"href":"https:\/\/mfc08.de\/index.php?rest_route=%2Fwp%2Fv2%2Fcomments&post=9159"}],"version-history":[{"count":1,"href":"https:\/\/mfc08.de\/index.php?rest_route=\/wp\/v2\/posts\/9159\/revisions"}],"predecessor-version":[{"id":9160,"href":"https:\/\/mfc08.de\/index.php?rest_route=\/wp\/v2\/posts\/9159\/revisions\/9160"}],"wp:featuredmedia":[{"embeddable":true,"href":"https:\/\/mfc08.de\/index.php?rest_route=\/wp\/v2\/media\/8771"}],"wp:attachment":[{"href":"https:\/\/mfc08.de\/index.php?rest_route=%2Fwp%2Fv2%2Fmedia&parent=9159"}],"wp:term":[{"taxonomy":"category","embeddable":true,"href":"https:\/\/mfc08.de\/index.php?rest_route=%2Fwp%2Fv2%2Fcategories&post=9159"},{"taxonomy":"post_tag","embeddable":true,"href":"https:\/\/mfc08.de\/index.php?rest_route=%2Fwp%2Fv2%2Ftags&post=9159"}],"curies":[{"name":"wp","href":"https:\/\/api.w.org\/{rel}","templated":true}]}}