{"id":9161,"date":"2025-04-27T22:27:58","date_gmt":"2025-04-27T22:27:58","guid":{"rendered":"https:\/\/mfc08.de\/?p=9161"},"modified":"2025-04-27T23:01:52","modified_gmt":"2025-04-27T23:01:52","slug":"mfc-08-lindenhof-fv-leutershausen-20-20","status":"publish","type":"post","link":"https:\/\/mfc08.de\/?p=9161","title":{"rendered":"MFC 08 Lindenhof \u2013 FV Leutershausen 2:0 (2:0)"},"content":{"rendered":"\n<p>Mit einem verdienten 2:0 (2:0) feierte die erste Mannschaft gegen den FV Leutershausen endlich den ersten Sieg in der R\u00fcckrunde<\/p>\n\n\n\n<p>Unser Team kam gut in die Partie und schon fr\u00fch ergab sich die erste gute Chance. Nach feinem Zuspiel von Yusuf Demirci lief Tahir Ert\u00fcrk frei auf den Torh\u00fcter zu, scheiterte aber an diesem. Und kurz danach scheiterte Yusuf Demirci aus spitzem Winkel am Torwart. Die G\u00e4ste waren vor allem durch Standards gef\u00e4hrlich. \u00a0So streifte zun\u00e4chst ein Kopfball nach einem Freisto\u00df noch knapp die Latte und auch nach einer Ecke wurde es gef\u00e4hrlich, doch der Ball landete letztendlich am Pfosten und aus dem Abpraller entwickelte sich ein Konter unseres Teams. Tahir Ert\u00fcrk legte den Ball in den Lauf von Yusuf Demirci. Dieser zog auf und davon und traf frei vor dem Torwart zur F\u00fchrung. Und nur wenig sp\u00e4ter landete ein Abschlag von unserem Torwart Karl Geiser erneut bei Yusuf Demirci und dieser erh\u00f6hte auf 2:0. Kurz vor der Pause dann noch eine gute Chance f\u00fcr die G\u00e4ste, doch Karl Geiser konnte einen Schuss gerade noch an die Latte lenken. In der zweiten Halbzeit verflachte die Partie etwas, die G\u00e4ste versuchten es viel mit langen B\u00e4llen, doch unsere Defensive stand sehr aufmerksam und lie\u00df kaum etwas zu. Auf der anderen Seite lauerte man immer wieder auf Konter und Mitte der zweiten Halbzeit w\u00e4re auch fast die Vorentscheidung gelungen, doch bei einem weiteren Treffer von Yusuf Demirci entschied der Schiedsrichter auf Abseits, obwohl dieser beim Abspiel deutlich hinter dem Vorlagengeber Tahir Ert\u00fcrk stand. In der Schlussphase bot sich dann noch einmal Tahir Ert\u00fcrk die Chance f\u00fcr die Entscheidung zu sorgen, doch nach feinem Zuspiel von Arafate Tcha-Gnaou scheiterte erneut frei vor dem Torwart. Da aber die Defensive bis zum Ende sicher stand blieb es schlie\u00dflich bei dem wichtigen Sieg<\/p>\n\n\n\n<p>Jetzt gilt es den R\u00fcckenwind aus diesem Sieg mitzunehmen und n\u00e4chste Woche im Derby beim TSV Neckarau die n\u00e4chsten wichtigen Punkte im Kampf um den Klassenerhalt einzufahren<\/p>\n","protected":false},"excerpt":{"rendered":"<p>Mit einem verdienten 2:0 (2:0) feierte die erste Mannschaft gegen den FV Leutershausen endlich den ersten Sieg in der R\u00fcckrunde Unser Team kam gut in die Partie und schon fr\u00fch ergab sich die erste gute Chance. Nach feinem Zuspiel von Yusuf Demirci lief Tahir Ert\u00fcrk frei auf den Torh\u00fcter zu, scheiterte aber an diesem. Und&hellip;&nbsp;<a href=\"https:\/\/mfc08.de\/?p=9161\" rel=\"bookmark\">Weiterlesen &raquo;<span class=\"screen-reader-text\">MFC 08 Lindenhof \u2013 FV Leutershausen 2:0 (2:0)<\/span><\/a><\/p>\n","protected":false},"author":5,"featured_media":8791,"comment_status":"closed","ping_status":"closed","sticky":false,"template":"","format":"standard","meta":{"neve_meta_sidebar":"","neve_meta_container":"","neve_meta_enable_content_width":"","neve_meta_content_width":0,"neve_meta_title_alignment":"","neve_meta_author_avatar":"","neve_post_elements_order":"","neve_meta_disable_header":"","neve_meta_disable_footer":"","neve_meta_disable_title":"","_themeisle_gutenberg_block_has_review":false,"footnotes":""},"categories":[3],"tags":[],"class_list":["post-9161","post","type-post","status-publish","format-standard","has-post-thumbnail","hentry","category-1-mannschaft"],"_links":{"self":[{"href":"https:\/\/mfc08.de\/index.php?rest_route=\/wp\/v2\/posts\/9161","targetHints":{"allow":["GET"]}}],"collection":[{"href":"https:\/\/mfc08.de\/index.php?rest_route=\/wp\/v2\/posts"}],"about":[{"href":"https:\/\/mfc08.de\/index.php?rest_route=\/wp\/v2\/types\/post"}],"author":[{"embeddable":true,"href":"https:\/\/mfc08.de\/index.php?rest_route=\/wp\/v2\/users\/5"}],"replies":[{"embeddable":true,"href":"https:\/\/mfc08.de\/index.php?rest_route=%2Fwp%2Fv2%2Fcomments&post=9161"}],"version-history":[{"count":2,"href":"https:\/\/mfc08.de\/index.php?rest_route=\/wp\/v2\/posts\/9161\/revisions"}],"predecessor-version":[{"id":9163,"href":"https:\/\/mfc08.de\/index.php?rest_route=\/wp\/v2\/posts\/9161\/revisions\/9163"}],"wp:featuredmedia":[{"embeddable":true,"href":"https:\/\/mfc08.de\/index.php?rest_route=\/wp\/v2\/media\/8791"}],"wp:attachment":[{"href":"https:\/\/mfc08.de\/index.php?rest_route=%2Fwp%2Fv2%2Fmedia&parent=9161"}],"wp:term":[{"taxonomy":"category","embeddable":true,"href":"https:\/\/mfc08.de\/index.php?rest_route=%2Fwp%2Fv2%2Fcategories&post=9161"},{"taxonomy":"post_tag","embeddable":true,"href":"https:\/\/mfc08.de\/index.php?rest_route=%2Fwp%2Fv2%2Ftags&post=9161"}],"curies":[{"name":"wp","href":"https:\/\/api.w.org\/{rel}","templated":true}]}}