{"id":9168,"date":"2025-05-04T19:59:00","date_gmt":"2025-05-04T19:59:00","guid":{"rendered":"https:\/\/mfc08.de\/?p=9168"},"modified":"2025-05-04T19:59:02","modified_gmt":"2025-05-04T19:59:02","slug":"tsv-neckarau-mfc-08-lindenhof-14-12","status":"publish","type":"post","link":"https:\/\/mfc08.de\/?p=9168","title":{"rendered":"TSV Neckarau &#8211; MFC 08 Lindenhof 1:4 (1:2)"},"content":{"rendered":"\n<p>Mit einem ganz wichtigen 4:1 (2:1) Erfolg endete das Derby der ersten Mannschaft beim TSV Neckarau<\/p>\n\n\n\n<p>Unser Team begann druckvoll und machte von Anfang an klar, dass man in diesem Spiel unbedingt den n\u00e4chsten Dreier einfahren wollte. Schon fr\u00fch f\u00fchrte ein Freisto\u00df von Yusuf Demirci fast zur F\u00fchrung, doch die Gastgeber konnten gerade noch mit vereinten Kr\u00e4ften kl\u00e4ren. Kurz danach traf Yusuf Demirci frei vor dem Torwart nur die Latte und erneut nur wenig sp\u00e4ter scheiterte Domenico Mangione frei am TSV-Torwart. Und so kam es zun\u00e4chst leider wieder so oft. Nach einem langen Ball lief ein TSV-St\u00fcrmer frei auf Karl Geiser im Tor zu und \u00fcberwand diesen zur F\u00fchrung. Doch praktisch im Gegenzug setzte sich Tahir Ert\u00fcrk im Strafraum durch und seine Hereingabe verwertete Domenico Mangione zum Ausgleich. Erneut nur wenig spielte man einen Konter eigentlich schlecht aus, ein TSV-Spieler wollte den eigentlich abgefangenen Ball zum Torwart zur\u00fcckspielen, legte diesen aber an ihm vorbei und somit trudelte der Ball zur F\u00fchrung ins Tor. In der Folge hatte unsere Elf mehrere gute M\u00f6glichkeiten, aber der letzte Pass wurde leider immer wieder nicht sauber gespielt, so dass zun\u00e4chst nichts z\u00e4hlbares aus diesen Situationen entstand. Bei der besten Gelegenheit konnte der TSV-Torwart einen sch\u00f6nen Schuss von Yusuf Demirci gerade noch um den Pfosten lenken. Kurz vor der Pause erhielt dann Tahir Ert\u00fcrk nach einer un\u00fcbersichtlichen Situation wegen Nachtretens die rote Karte und es war zu bef\u00fcrchten, dass eine hei\u00dfe zweite Halbzeit bevor stehen k\u00f6nnte. Aber kurz nach Wiederbeginn kam Yusuf Demirci nach einer guten Balleroberung durch Sergio Lattore in der gegnerischen H\u00e4lfte frei vor dem Torwart an den Ball und diesmal traf er \u00fcberlegt zum 3:1. In der Folgezeit hatte unsere Mannschaft das Spiel auch in Unterzahl sicher im Griff und lie\u00df defensiv nichts anbrennen. Mitte der zweiten Halbzeit verl\u00e4ngerte Tim Glette einen langen Ball mit dem Kopf in den Lauf von Ebou Cassey und dieser traf aus spitzem Winkel zum 4:1 und sp\u00e4testens mit dem Tor war das Spiel entschieden. Auch danach hatte unsere Elf alles unter Kontrolle und in der Schlussphase hatte man noch Pech, dass Domenico Mangione mit zwei Freist\u00f6\u00dfen jeweils nur die Latte traf. So blieb es bis zum Ende beim souver\u00e4nen 4:1 Erfolg<\/p>\n\n\n\n<p>N\u00e4chste Woche besteht gegen den FV Br\u00fchl 2 die n\u00e4chste Chance sich weiter Luft im Kampf um den Klassenerhalt zu verschaffen<\/p>\n","protected":false},"excerpt":{"rendered":"<p>Mit einem ganz wichtigen 4:1 (2:1) Erfolg endete das Derby der ersten Mannschaft beim TSV Neckarau Unser Team begann druckvoll und machte von Anfang an klar, dass man in diesem Spiel unbedingt den n\u00e4chsten Dreier einfahren wollte. Schon fr\u00fch f\u00fchrte ein Freisto\u00df von Yusuf Demirci fast zur F\u00fchrung, doch die Gastgeber konnten gerade noch mit&hellip;&nbsp;<a href=\"https:\/\/mfc08.de\/?p=9168\" rel=\"bookmark\">Weiterlesen &raquo;<span class=\"screen-reader-text\">TSV Neckarau &#8211; MFC 08 Lindenhof 1:4 (1:2)<\/span><\/a><\/p>\n","protected":false},"author":5,"featured_media":8791,"comment_status":"closed","ping_status":"closed","sticky":false,"template":"","format":"standard","meta":{"neve_meta_sidebar":"","neve_meta_container":"","neve_meta_enable_content_width":"","neve_meta_content_width":0,"neve_meta_title_alignment":"","neve_meta_author_avatar":"","neve_post_elements_order":"","neve_meta_disable_header":"","neve_meta_disable_footer":"","neve_meta_disable_title":"","_themeisle_gutenberg_block_has_review":false,"footnotes":""},"categories":[3],"tags":[],"class_list":["post-9168","post","type-post","status-publish","format-standard","has-post-thumbnail","hentry","category-1-mannschaft"],"_links":{"self":[{"href":"https:\/\/mfc08.de\/index.php?rest_route=\/wp\/v2\/posts\/9168","targetHints":{"allow":["GET"]}}],"collection":[{"href":"https:\/\/mfc08.de\/index.php?rest_route=\/wp\/v2\/posts"}],"about":[{"href":"https:\/\/mfc08.de\/index.php?rest_route=\/wp\/v2\/types\/post"}],"author":[{"embeddable":true,"href":"https:\/\/mfc08.de\/index.php?rest_route=\/wp\/v2\/users\/5"}],"replies":[{"embeddable":true,"href":"https:\/\/mfc08.de\/index.php?rest_route=%2Fwp%2Fv2%2Fcomments&post=9168"}],"version-history":[{"count":1,"href":"https:\/\/mfc08.de\/index.php?rest_route=\/wp\/v2\/posts\/9168\/revisions"}],"predecessor-version":[{"id":9169,"href":"https:\/\/mfc08.de\/index.php?rest_route=\/wp\/v2\/posts\/9168\/revisions\/9169"}],"wp:featuredmedia":[{"embeddable":true,"href":"https:\/\/mfc08.de\/index.php?rest_route=\/wp\/v2\/media\/8791"}],"wp:attachment":[{"href":"https:\/\/mfc08.de\/index.php?rest_route=%2Fwp%2Fv2%2Fmedia&parent=9168"}],"wp:term":[{"taxonomy":"category","embeddable":true,"href":"https:\/\/mfc08.de\/index.php?rest_route=%2Fwp%2Fv2%2Fcategories&post=9168"},{"taxonomy":"post_tag","embeddable":true,"href":"https:\/\/mfc08.de\/index.php?rest_route=%2Fwp%2Fv2%2Ftags&post=9168"}],"curies":[{"name":"wp","href":"https:\/\/api.w.org\/{rel}","templated":true}]}}