{"id":9181,"date":"2025-05-11T19:36:09","date_gmt":"2025-05-11T19:36:09","guid":{"rendered":"https:\/\/mfc08.de\/?p=9181"},"modified":"2025-05-11T19:36:11","modified_gmt":"2025-05-11T19:36:11","slug":"mfc-08-lindenhof-fv-bruehl-2-51-40","status":"publish","type":"post","link":"https:\/\/mfc08.de\/?p=9181","title":{"rendered":"MFC 08 Lindenhof &#8211; FV Br\u00fchl 2 5:1 (4:0)"},"content":{"rendered":"\n<p>Einen nie gef\u00e4hrdeten 5:1 (4:0) Sieg feierte die erste Mannschaft im letzten Heimspiel der Saison gegen den FV Br\u00fchl 2<\/p>\n\n\n\n<p>Unsere Elf machte von Anfang an klar, dass man auch dieses Spiel unbedingt gewinnen wollte und sorgte schon fr\u00fch f\u00fcr klare Verh\u00e4ltnisse. Bereits nach wenigen Minuten drang Tobias Glette in den Stafraum ein, legte quer auf Oliver Schlick und dieser verl\u00e4ngerte auf Domenico Mangione, der aus kurzer Distanz die F\u00fchrung erzielte. Und beim n\u00e4chsten Angriff spielte Oliver Schlick einen feinen Pass auf Tim Glette, der vor dem Torwart an den Ball kam, diesen umkurvte und zum 2:0 einschob. Kurz danach wurde es einmal gef\u00e4hrlich, doch Karl Geiser konnte gegen einen frei vor ihm auftauchenden Br\u00fchler St\u00fcrmer parieren. Danach hatte unser Team wieder alles unter Kontrolle und Yusuf Demirci sorgte mit dem 3:0 Mitte der ersten Halbzeit eigentlich schon f\u00fcr die Entscheidung. Erneut Yusuf Demirci war es, der kurz vor der Pause einen Ballgewinn von Tim Glette im gegnerischen Strafraum zum 4:0 nutzte, was auch gleichzeitig der Pausenstand war. Nach der Pause verflachte das Spiel immer mehr, da auch unsere Elf angesichts der klaren F\u00fchrung nicht mehr konsequent nach vorne spielte. So kamen die G\u00e4ste aus Br\u00fchl nach einem Freisto\u00df aus dem Halbfeld zum Ehrentreffer, doch kurz vor Ende der Partie traf Daniel Zimmermann zum Endstand von 5:1.<\/p>\n\n\n\n<p>Durch diesen 3. Sieg in Folge ist klar, dass die Mannschaft nicht mehr auf einen der 3 letzten Pl\u00e4tze abrutschen kann, die am Rundenende den sicheren Abstieg bedeuten w\u00fcrden. Und auch auf den Viertletzten, der bei ung\u00fcnstigem Verlauf in der Landesliga absteigen w\u00fcrde, hat man jetzt ein kleines Polster von 4 Punkten bei noch 3 ausstehenden Spieltagen, wobei unsere Elf aber einmal spielfrei ist. N\u00e4chste Woche besteht im Spiel bei der TSG Eintracht Plankstadt die n\u00e4chste Chance weitere Punkte zum sicheren Klassenerhalt einzufahren<\/p>\n","protected":false},"excerpt":{"rendered":"<p>Einen nie gef\u00e4hrdeten 5:1 (4:0) Sieg feierte die erste Mannschaft im letzten Heimspiel der Saison gegen den FV Br\u00fchl 2 Unsere Elf machte von Anfang an klar, dass man auch dieses Spiel unbedingt gewinnen wollte und sorgte schon fr\u00fch f\u00fcr klare Verh\u00e4ltnisse. Bereits nach wenigen Minuten drang Tobias Glette in den Stafraum ein, legte quer&hellip;&nbsp;<a href=\"https:\/\/mfc08.de\/?p=9181\" rel=\"bookmark\">Weiterlesen &raquo;<span class=\"screen-reader-text\">MFC 08 Lindenhof &#8211; FV Br\u00fchl 2 5:1 (4:0)<\/span><\/a><\/p>\n","protected":false},"author":5,"featured_media":8791,"comment_status":"closed","ping_status":"closed","sticky":false,"template":"","format":"standard","meta":{"neve_meta_sidebar":"","neve_meta_container":"","neve_meta_enable_content_width":"","neve_meta_content_width":0,"neve_meta_title_alignment":"","neve_meta_author_avatar":"","neve_post_elements_order":"","neve_meta_disable_header":"","neve_meta_disable_footer":"","neve_meta_disable_title":"","_themeisle_gutenberg_block_has_review":false,"footnotes":""},"categories":[3],"tags":[],"class_list":["post-9181","post","type-post","status-publish","format-standard","has-post-thumbnail","hentry","category-1-mannschaft"],"_links":{"self":[{"href":"https:\/\/mfc08.de\/index.php?rest_route=\/wp\/v2\/posts\/9181","targetHints":{"allow":["GET"]}}],"collection":[{"href":"https:\/\/mfc08.de\/index.php?rest_route=\/wp\/v2\/posts"}],"about":[{"href":"https:\/\/mfc08.de\/index.php?rest_route=\/wp\/v2\/types\/post"}],"author":[{"embeddable":true,"href":"https:\/\/mfc08.de\/index.php?rest_route=\/wp\/v2\/users\/5"}],"replies":[{"embeddable":true,"href":"https:\/\/mfc08.de\/index.php?rest_route=%2Fwp%2Fv2%2Fcomments&post=9181"}],"version-history":[{"count":1,"href":"https:\/\/mfc08.de\/index.php?rest_route=\/wp\/v2\/posts\/9181\/revisions"}],"predecessor-version":[{"id":9182,"href":"https:\/\/mfc08.de\/index.php?rest_route=\/wp\/v2\/posts\/9181\/revisions\/9182"}],"wp:featuredmedia":[{"embeddable":true,"href":"https:\/\/mfc08.de\/index.php?rest_route=\/wp\/v2\/media\/8791"}],"wp:attachment":[{"href":"https:\/\/mfc08.de\/index.php?rest_route=%2Fwp%2Fv2%2Fmedia&parent=9181"}],"wp:term":[{"taxonomy":"category","embeddable":true,"href":"https:\/\/mfc08.de\/index.php?rest_route=%2Fwp%2Fv2%2Fcategories&post=9181"},{"taxonomy":"post_tag","embeddable":true,"href":"https:\/\/mfc08.de\/index.php?rest_route=%2Fwp%2Fv2%2Ftags&post=9181"}],"curies":[{"name":"wp","href":"https:\/\/api.w.org\/{rel}","templated":true}]}}