{"id":9185,"date":"2025-05-18T20:32:11","date_gmt":"2025-05-18T20:32:11","guid":{"rendered":"https:\/\/mfc08.de\/?p=9185"},"modified":"2025-05-18T20:32:13","modified_gmt":"2025-05-18T20:32:13","slug":"fc-tuerkspor-mannheim-2-mfc-08-lindenhof-2-18-15","status":"publish","type":"post","link":"https:\/\/mfc08.de\/?p=9185","title":{"rendered":"FC T\u00fcrkspor Mannheim 2 &#8211; MFC 08 Lindenhof 2 1:8 (1:5)"},"content":{"rendered":"\n<p>Einen ungef\u00e4hrdeten 8:1 (5:1) Sieg fuhr die 2. Mannschaft beim FC T\u00fcrkspor Mannheim 2 ein<\/p>\n\n\n\n<p>Das Spiel begann mit einem Schreckmoment f\u00fcr unser Team. Gleich in der ersten Minute eroberte ein T\u00fcrkspor-Spieler den Ball an der Mittelline, sah dass Markus Werner zu weit vor seinem Tor stand und traf aus grosser Distanz zur F\u00fchrung f\u00fcr den Tabellenletzten. Doch unsere Elf lie\u00df sich davon nicht aus der Ruhe bringen und \u00fcbernahm sofort die Spielkontrolle . Schon schnell konnte Leon Umst\u00e4tter auf Zuspiel von Vito Pasculli den Ausgleich erzielen und nur wenig sp\u00e4ter legte Leon Umst\u00e4tter f\u00fcr Vito Pasculli &nbsp;auf und dieser traf zur F\u00fchrung. Auch in der Folgezeit blieb unsere Elf deutlich tonangebend und Vito Pasculli schn\u00fcrte noch in der ersten Halbzeit einen Hattrick und erh\u00f6hte somit auf 1:4. Kurz vor der Pause traf Alessio Kargbo zum Halbzeitstand von 5:1. Auch in der zweiten Halbzeit \u00e4nderte sich nichts am Spielverlauf und erneut Vito Pasculli erh\u00f6hte fr\u00fch mit seinem vierten Treffer auf 6:1. In der Schlussphase legten Pino di Nato und Nico Jehle per Elfmeter noch zwei Treffer zum 8:1 nach. Aber leider gab es auch einen Wermutstropfen zu vermelden. Nach einem r\u00fcden und v\u00f6llig unn\u00f6tigen Foul musste Cornelius Boll mit Verdacht auf Schien- und Wadenbeinbruch ausgewechselt werden.<\/p>\n\n\n\n<p>N\u00e4chste Woche steht das letzte Heimspiel der Saison gegen den FC Hochst\u00e4tt T\u00fcrkspor auf dem Programm<\/p>\n","protected":false},"excerpt":{"rendered":"<p>Einen ungef\u00e4hrdeten 8:1 (5:1) Sieg fuhr die 2. Mannschaft beim FC T\u00fcrkspor Mannheim 2 ein Das Spiel begann mit einem Schreckmoment f\u00fcr unser Team. Gleich in der ersten Minute eroberte ein T\u00fcrkspor-Spieler den Ball an der Mittelline, sah dass Markus Werner zu weit vor seinem Tor stand und traf aus grosser Distanz zur F\u00fchrung f\u00fcr&hellip;&nbsp;<a href=\"https:\/\/mfc08.de\/?p=9185\" rel=\"bookmark\">Weiterlesen &raquo;<span class=\"screen-reader-text\">FC T\u00fcrkspor Mannheim 2 &#8211; MFC 08 Lindenhof 2 1:8 (1:5)<\/span><\/a><\/p>\n","protected":false},"author":5,"featured_media":8771,"comment_status":"closed","ping_status":"closed","sticky":false,"template":"","format":"standard","meta":{"neve_meta_sidebar":"","neve_meta_container":"","neve_meta_enable_content_width":"","neve_meta_content_width":0,"neve_meta_title_alignment":"","neve_meta_author_avatar":"","neve_post_elements_order":"","neve_meta_disable_header":"","neve_meta_disable_footer":"","neve_meta_disable_title":"","_themeisle_gutenberg_block_has_review":false,"footnotes":""},"categories":[5],"tags":[],"class_list":["post-9185","post","type-post","status-publish","format-standard","has-post-thumbnail","hentry","category-2-mannschaft"],"_links":{"self":[{"href":"https:\/\/mfc08.de\/index.php?rest_route=\/wp\/v2\/posts\/9185","targetHints":{"allow":["GET"]}}],"collection":[{"href":"https:\/\/mfc08.de\/index.php?rest_route=\/wp\/v2\/posts"}],"about":[{"href":"https:\/\/mfc08.de\/index.php?rest_route=\/wp\/v2\/types\/post"}],"author":[{"embeddable":true,"href":"https:\/\/mfc08.de\/index.php?rest_route=\/wp\/v2\/users\/5"}],"replies":[{"embeddable":true,"href":"https:\/\/mfc08.de\/index.php?rest_route=%2Fwp%2Fv2%2Fcomments&post=9185"}],"version-history":[{"count":1,"href":"https:\/\/mfc08.de\/index.php?rest_route=\/wp\/v2\/posts\/9185\/revisions"}],"predecessor-version":[{"id":9186,"href":"https:\/\/mfc08.de\/index.php?rest_route=\/wp\/v2\/posts\/9185\/revisions\/9186"}],"wp:featuredmedia":[{"embeddable":true,"href":"https:\/\/mfc08.de\/index.php?rest_route=\/wp\/v2\/media\/8771"}],"wp:attachment":[{"href":"https:\/\/mfc08.de\/index.php?rest_route=%2Fwp%2Fv2%2Fmedia&parent=9185"}],"wp:term":[{"taxonomy":"category","embeddable":true,"href":"https:\/\/mfc08.de\/index.php?rest_route=%2Fwp%2Fv2%2Fcategories&post=9185"},{"taxonomy":"post_tag","embeddable":true,"href":"https:\/\/mfc08.de\/index.php?rest_route=%2Fwp%2Fv2%2Ftags&post=9185"}],"curies":[{"name":"wp","href":"https:\/\/api.w.org\/{rel}","templated":true}]}}