{"id":9309,"date":"2025-07-06T13:51:22","date_gmt":"2025-07-06T13:51:22","guid":{"rendered":"https:\/\/mfc08.de\/?p=9309"},"modified":"2025-07-06T13:51:23","modified_gmt":"2025-07-06T13:51:23","slug":"2-platz-beim-heidelberg-cup-am-29-06-2025","status":"publish","type":"post","link":"https:\/\/mfc08.de\/?p=9309","title":{"rendered":"2. Platz beim Heidelberg Cup am 29.06.2025"},"content":{"rendered":"\n<p>Trotz der extremen Temperaturen stellte unsere E-Jugend erneut ihre Klasse unter Beweis und konnte beim renommierten Heidelberg-Cup einen beachtlichen 2. Platz ergattern.<br>Besonders zu erw\u00e4hnen ist, dass sie am Vortag den MVV-Cup in Mannheim gewonnen und im Anschluss beim Sommerfest bei einem Freundschaftskick gegen die M\u00fctter gespielt hatten. Und dass alles bei Temperaturen jenseits der 30 Grad Grenze.<br>Bemerkenswert ist au\u00dferdem der Umstand, dass sie ohne Niederlage und einem Torverh\u00e4ltnis von 12:3 das Turnier abgeschlossen haben. Die Kids haben den Pokal und die Medaillen redlich verdient.<br>Dieses intensive und \u00e4u\u00dferst erfolgreiche Wochenende werden die Kinder, Eltern &amp; Trainer sicherlich lange in Erinnerung behalten.<\/p>\n","protected":false},"excerpt":{"rendered":"<p>Trotz der extremen Temperaturen stellte unsere E-Jugend erneut ihre Klasse unter Beweis und konnte beim renommierten Heidelberg-Cup einen beachtlichen 2. Platz ergattern.Besonders zu erw\u00e4hnen ist, dass sie am Vortag den MVV-Cup in Mannheim gewonnen und im Anschluss beim Sommerfest bei einem Freundschaftskick gegen die M\u00fctter gespielt hatten. Und dass alles bei Temperaturen jenseits der 30&hellip;&nbsp;<a href=\"https:\/\/mfc08.de\/?p=9309\" rel=\"bookmark\">Weiterlesen &raquo;<span class=\"screen-reader-text\">2. Platz beim Heidelberg Cup am 29.06.2025<\/span><\/a><\/p>\n","protected":false},"author":12,"featured_media":9310,"comment_status":"closed","ping_status":"closed","sticky":false,"template":"","format":"standard","meta":{"neve_meta_sidebar":"","neve_meta_container":"","neve_meta_enable_content_width":"","neve_meta_content_width":0,"neve_meta_title_alignment":"","neve_meta_author_avatar":"","neve_post_elements_order":"","neve_meta_disable_header":"","neve_meta_disable_footer":"","neve_meta_disable_title":"","_themeisle_gutenberg_block_has_review":false,"footnotes":""},"categories":[11,1],"tags":[],"class_list":["post-9309","post","type-post","status-publish","format-standard","has-post-thumbnail","hentry","category-jugend","category-uncategorized"],"_links":{"self":[{"href":"https:\/\/mfc08.de\/index.php?rest_route=\/wp\/v2\/posts\/9309","targetHints":{"allow":["GET"]}}],"collection":[{"href":"https:\/\/mfc08.de\/index.php?rest_route=\/wp\/v2\/posts"}],"about":[{"href":"https:\/\/mfc08.de\/index.php?rest_route=\/wp\/v2\/types\/post"}],"author":[{"embeddable":true,"href":"https:\/\/mfc08.de\/index.php?rest_route=\/wp\/v2\/users\/12"}],"replies":[{"embeddable":true,"href":"https:\/\/mfc08.de\/index.php?rest_route=%2Fwp%2Fv2%2Fcomments&post=9309"}],"version-history":[{"count":1,"href":"https:\/\/mfc08.de\/index.php?rest_route=\/wp\/v2\/posts\/9309\/revisions"}],"predecessor-version":[{"id":9311,"href":"https:\/\/mfc08.de\/index.php?rest_route=\/wp\/v2\/posts\/9309\/revisions\/9311"}],"wp:featuredmedia":[{"embeddable":true,"href":"https:\/\/mfc08.de\/index.php?rest_route=\/wp\/v2\/media\/9310"}],"wp:attachment":[{"href":"https:\/\/mfc08.de\/index.php?rest_route=%2Fwp%2Fv2%2Fmedia&parent=9309"}],"wp:term":[{"taxonomy":"category","embeddable":true,"href":"https:\/\/mfc08.de\/index.php?rest_route=%2Fwp%2Fv2%2Fcategories&post=9309"},{"taxonomy":"post_tag","embeddable":true,"href":"https:\/\/mfc08.de\/index.php?rest_route=%2Fwp%2Fv2%2Ftags&post=9309"}],"curies":[{"name":"wp","href":"https:\/\/api.w.org\/{rel}","templated":true}]}}