{"id":9312,"date":"2025-07-06T13:53:28","date_gmt":"2025-07-06T13:53:28","guid":{"rendered":"https:\/\/mfc08.de\/?p=9312"},"modified":"2025-07-06T13:53:29","modified_gmt":"2025-07-06T13:53:29","slug":"der-mfc-bedankt-sich-bei-der-mannheimer-eismanufaktur-fuer-die-grosszuegige-spende","status":"publish","type":"post","link":"https:\/\/mfc08.de\/?p=9312","title":{"rendered":"Der MFC bedankt sich bei der Mannheimer Eismanufaktur f\u00fcr die gro\u00dfz\u00fcgige Spende"},"content":{"rendered":"\n<p>Auch dieses Jahr hat die Mannheimer Eismanufaktur in Person von Cemil Yikilmaz das traditionelle Sommerfest des MFC 08 Lindenhof unterst\u00fctzt, in dem er die kompletten Einnahmen aus dem Verkauf des Eis der Jugendabteilung gespendet hat.<br>Wir bedanken uns herzlich bei Cemil Yikilmaz und sch\u00e4tzen uns gl\u00fccklich solch einen zuverl\u00e4ssigen Partner an unserer Seite zu haben.<\/p>\n\n\n\n<p><\/p>\n","protected":false},"excerpt":{"rendered":"<p>Auch dieses Jahr hat die Mannheimer Eismanufaktur in Person von Cemil Yikilmaz das traditionelle Sommerfest des MFC 08 Lindenhof unterst\u00fctzt, in dem er die kompletten Einnahmen aus dem Verkauf des Eis der Jugendabteilung gespendet hat.Wir bedanken uns herzlich bei Cemil Yikilmaz und sch\u00e4tzen uns gl\u00fccklich solch einen zuverl\u00e4ssigen Partner an unserer Seite zu haben.<\/p>\n","protected":false},"author":12,"featured_media":9313,"comment_status":"closed","ping_status":"closed","sticky":false,"template":"","format":"standard","meta":{"neve_meta_sidebar":"","neve_meta_container":"","neve_meta_enable_content_width":"","neve_meta_content_width":0,"neve_meta_title_alignment":"","neve_meta_author_avatar":"","neve_post_elements_order":"","neve_meta_disable_header":"","neve_meta_disable_footer":"","neve_meta_disable_title":"","_themeisle_gutenberg_block_has_review":false,"footnotes":""},"categories":[15,11,1],"tags":[],"class_list":["post-9312","post","type-post","status-publish","format-standard","has-post-thumbnail","hentry","category-foerderverein","category-jugend","category-uncategorized"],"_links":{"self":[{"href":"https:\/\/mfc08.de\/index.php?rest_route=\/wp\/v2\/posts\/9312","targetHints":{"allow":["GET"]}}],"collection":[{"href":"https:\/\/mfc08.de\/index.php?rest_route=\/wp\/v2\/posts"}],"about":[{"href":"https:\/\/mfc08.de\/index.php?rest_route=\/wp\/v2\/types\/post"}],"author":[{"embeddable":true,"href":"https:\/\/mfc08.de\/index.php?rest_route=\/wp\/v2\/users\/12"}],"replies":[{"embeddable":true,"href":"https:\/\/mfc08.de\/index.php?rest_route=%2Fwp%2Fv2%2Fcomments&post=9312"}],"version-history":[{"count":1,"href":"https:\/\/mfc08.de\/index.php?rest_route=\/wp\/v2\/posts\/9312\/revisions"}],"predecessor-version":[{"id":9314,"href":"https:\/\/mfc08.de\/index.php?rest_route=\/wp\/v2\/posts\/9312\/revisions\/9314"}],"wp:featuredmedia":[{"embeddable":true,"href":"https:\/\/mfc08.de\/index.php?rest_route=\/wp\/v2\/media\/9313"}],"wp:attachment":[{"href":"https:\/\/mfc08.de\/index.php?rest_route=%2Fwp%2Fv2%2Fmedia&parent=9312"}],"wp:term":[{"taxonomy":"category","embeddable":true,"href":"https:\/\/mfc08.de\/index.php?rest_route=%2Fwp%2Fv2%2Fcategories&post=9312"},{"taxonomy":"post_tag","embeddable":true,"href":"https:\/\/mfc08.de\/index.php?rest_route=%2Fwp%2Fv2%2Ftags&post=9312"}],"curies":[{"name":"wp","href":"https:\/\/api.w.org\/{rel}","templated":true}]}}