{"id":9360,"date":"2025-07-18T17:44:51","date_gmt":"2025-07-18T17:44:51","guid":{"rendered":"https:\/\/mfc08.de\/?p=9360"},"modified":"2025-07-18T17:47:58","modified_gmt":"2025-07-18T17:47:58","slug":"es-geht-wieder-los-4","status":"publish","type":"post","link":"https:\/\/mfc08.de\/?p=9360","title":{"rendered":"Es geht wieder los"},"content":{"rendered":"\n<p>Die Sommerpause hat ein Ende und die aktiven Mannschaften sind in die Vorbereitung auf die neue Saison gestartet.<\/p>\n\n\n\n<p>Nach dem gro\u00dfen Umbruch in der letzten Saison gab es diesmal nur wenige \u00c4nderungen im Kader der ersten Mannschaft. Aus dem engeren Kader der R\u00fcckrunde ersten Mannschaft haben nur Daniel Zimmermann (zum VfL Kurpfalz Neckarau), Erges Azizi (ASV Feudenheim) und Lennart Bayer (VfL Kurpfalz Neckarau) den Verein verlassen, ausserdem steht Tahir Ert\u00fcrk aus beruflichen Gr\u00fcnden nicht mehr zur Verf\u00fcgung. Dem stehen die externen Neuzug\u00e4nge Peter Hildebrandt (Ludwigshafener SC), Mustafa Doelek (SV 98 Schwetzingen), Angjelos Kasaj (Rot-Wei\u00df Rheinau), \u00d6mer Kilichan (FV 08 Hockenheim) und Gianfranco Scopelliti (kehrt von Rot-Wei\u00df Rheinau zur\u00fcck) gegen\u00fcber. Zus\u00e4tzlich stehen Mateo Atacan und Ebou Caesey, die letzte Saison nur sporadisch aushelfen konnten, jetzt komplett zur Verf\u00fcgung. Einen Wechsel gab es noch auf der Position des Co-Trainers. Steven  Kuhnhold steht aus pers\u00f6nlichen Gr\u00fcnden nicht mehr zur Verf\u00fcgung, Sergio Latorre wird diese Funktiom als spielender Co-Trainer mit \u00fcbenehmen. Somit gehen wir zuversichtlich in die neue Saison und hoffen uns dieses Mal von Beginn an im sicheren Mittelfeld festsetzen zu k\u00f6nnen. Ein erster Test ist das Spiel im Verbandspokal gegen den Landesligisten SG-SV Lobbach am Sonntag, 20.7. um 17.00. Im Kreispokal kommt es am 10.8 um 14.00 zum Derby beim TSV Neckarau<\/p>\n\n\n\n<p>Auch in der zweiten Mannschaft gab es wenig Fluktuation und auch hier ist das Ziel sich erneut im Mittelfeld zu etablieren. Der Auftakt im Kreispokal erfolgt am 10.8 um 14.00 Uhr beim VfR Mannheim 3 &nbsp;<\/p>\n","protected":false},"excerpt":{"rendered":"<p>Die Sommerpause hat ein Ende und die aktiven Mannschaften sind in die Vorbereitung auf die neue Saison gestartet. Nach dem gro\u00dfen Umbruch in der letzten Saison gab es diesmal nur wenige \u00c4nderungen im Kader der ersten Mannschaft. Aus dem engeren Kader der R\u00fcckrunde ersten Mannschaft haben nur Daniel Zimmermann (zum VfL Kurpfalz Neckarau), Erges Azizi&hellip;&nbsp;<a href=\"https:\/\/mfc08.de\/?p=9360\" rel=\"bookmark\">Weiterlesen &raquo;<span class=\"screen-reader-text\">Es geht wieder los<\/span><\/a><\/p>\n","protected":false},"author":5,"featured_media":716,"comment_status":"closed","ping_status":"closed","sticky":false,"template":"","format":"standard","meta":{"neve_meta_sidebar":"","neve_meta_container":"","neve_meta_enable_content_width":"","neve_meta_content_width":0,"neve_meta_title_alignment":"","neve_meta_author_avatar":"","neve_post_elements_order":"","neve_meta_disable_header":"","neve_meta_disable_footer":"","neve_meta_disable_title":"","_themeisle_gutenberg_block_has_review":false,"footnotes":""},"categories":[3,5],"tags":[],"class_list":["post-9360","post","type-post","status-publish","format-standard","has-post-thumbnail","hentry","category-1-mannschaft","category-2-mannschaft"],"_links":{"self":[{"href":"https:\/\/mfc08.de\/index.php?rest_route=\/wp\/v2\/posts\/9360","targetHints":{"allow":["GET"]}}],"collection":[{"href":"https:\/\/mfc08.de\/index.php?rest_route=\/wp\/v2\/posts"}],"about":[{"href":"https:\/\/mfc08.de\/index.php?rest_route=\/wp\/v2\/types\/post"}],"author":[{"embeddable":true,"href":"https:\/\/mfc08.de\/index.php?rest_route=\/wp\/v2\/users\/5"}],"replies":[{"embeddable":true,"href":"https:\/\/mfc08.de\/index.php?rest_route=%2Fwp%2Fv2%2Fcomments&post=9360"}],"version-history":[{"count":2,"href":"https:\/\/mfc08.de\/index.php?rest_route=\/wp\/v2\/posts\/9360\/revisions"}],"predecessor-version":[{"id":9363,"href":"https:\/\/mfc08.de\/index.php?rest_route=\/wp\/v2\/posts\/9360\/revisions\/9363"}],"wp:featuredmedia":[{"embeddable":true,"href":"https:\/\/mfc08.de\/index.php?rest_route=\/wp\/v2\/media\/716"}],"wp:attachment":[{"href":"https:\/\/mfc08.de\/index.php?rest_route=%2Fwp%2Fv2%2Fmedia&parent=9360"}],"wp:term":[{"taxonomy":"category","embeddable":true,"href":"https:\/\/mfc08.de\/index.php?rest_route=%2Fwp%2Fv2%2Fcategories&post=9360"},{"taxonomy":"post_tag","embeddable":true,"href":"https:\/\/mfc08.de\/index.php?rest_route=%2Fwp%2Fv2%2Ftags&post=9360"}],"curies":[{"name":"wp","href":"https:\/\/api.w.org\/{rel}","templated":true}]}}