{"id":9520,"date":"2025-08-09T11:23:39","date_gmt":"2025-08-09T11:23:39","guid":{"rendered":"https:\/\/mfc08.de\/?p=9520"},"modified":"2025-08-09T11:23:41","modified_gmt":"2025-08-09T11:23:41","slug":"sommercamp-2025-auf-dem-08er","status":"publish","type":"post","link":"https:\/\/mfc08.de\/?p=9520","title":{"rendered":"Sommercamp 2025 auf dem 08er"},"content":{"rendered":"\n<p>Bereits zum dritten Mal, fand in diesem Jahr vom 04.08.2025 bis zum 07.08.2025 unser spannendes Fu\u00dfballjugendcamp auf dem Gel\u00e4nde des MFC 08 Lindenhof statt. Insgesamt nahmen 43 junge Fu\u00dfballbegeisterte im Alter von 4-14 Jahren teil, die voller Begeisterung und Motivation dabei waren.<\/p>\n\n\n\n<p>Das Camp bot den Teilnehmern die M\u00f6glichkeit, ihre fu\u00dfballerischen F\u00e4higkeiten zu verbessern, neue Techniken zu erlernen und den Teamgeist zu st\u00e4rken. Die t\u00e4glichen Trainingseinheiten wurden von Leos Fu\u00dfball Akademie unter der Leitung von Leo Caic zusammen mit seinem Trainerteam ausgearbeitet und erfolgreich umgesetzt.<\/p>\n\n\n\n<p>Neben dem Training standen auch spannende Turniere und freundschaftliche Spiele auf dem Programm, bei denen der Spa\u00df nie zu kurz kam.<\/p>\n\n\n\n<p>Zur Erinnerung erhielt jeder Teilnehmer ein Trikot von Leos Fu\u00dfball Akademie.&nbsp;<\/p>\n\n\n\n<p>F\u00fcr ausreichende Getr\u00e4nke sowie entsprechendem Mittagessen war bestens gesorgt.<\/p>\n\n\n\n<p>Ziemlich ersch\u00f6pft und voller Freude \u00fcber das erlernte verabschiedete man sich am Donnerstagnachmittag in die wohlverdienten Ferien.<\/p>\n\n\n\n<p>RN \u2013 07.08.2025<\/p>\n","protected":false},"excerpt":{"rendered":"<p>Bereits zum dritten Mal, fand in diesem Jahr vom 04.08.2025 bis zum 07.08.2025 unser spannendes Fu\u00dfballjugendcamp auf dem Gel\u00e4nde des MFC 08 Lindenhof statt. Insgesamt nahmen 43 junge Fu\u00dfballbegeisterte im Alter von 4-14 Jahren teil, die voller Begeisterung und Motivation dabei waren. Das Camp bot den Teilnehmern die M\u00f6glichkeit, ihre fu\u00dfballerischen F\u00e4higkeiten zu verbessern, neue&hellip;&nbsp;<a href=\"https:\/\/mfc08.de\/?p=9520\" rel=\"bookmark\">Weiterlesen &raquo;<span class=\"screen-reader-text\">Sommercamp 2025 auf dem 08er<\/span><\/a><\/p>\n","protected":false},"author":12,"featured_media":9521,"comment_status":"closed","ping_status":"closed","sticky":false,"template":"","format":"standard","meta":{"neve_meta_sidebar":"","neve_meta_container":"","neve_meta_enable_content_width":"","neve_meta_content_width":0,"neve_meta_title_alignment":"","neve_meta_author_avatar":"","neve_post_elements_order":"","neve_meta_disable_header":"","neve_meta_disable_footer":"","neve_meta_disable_title":"","_themeisle_gutenberg_block_has_review":false,"footnotes":""},"categories":[11,1],"tags":[],"class_list":["post-9520","post","type-post","status-publish","format-standard","has-post-thumbnail","hentry","category-jugend","category-uncategorized"],"_links":{"self":[{"href":"https:\/\/mfc08.de\/index.php?rest_route=\/wp\/v2\/posts\/9520","targetHints":{"allow":["GET"]}}],"collection":[{"href":"https:\/\/mfc08.de\/index.php?rest_route=\/wp\/v2\/posts"}],"about":[{"href":"https:\/\/mfc08.de\/index.php?rest_route=\/wp\/v2\/types\/post"}],"author":[{"embeddable":true,"href":"https:\/\/mfc08.de\/index.php?rest_route=\/wp\/v2\/users\/12"}],"replies":[{"embeddable":true,"href":"https:\/\/mfc08.de\/index.php?rest_route=%2Fwp%2Fv2%2Fcomments&post=9520"}],"version-history":[{"count":1,"href":"https:\/\/mfc08.de\/index.php?rest_route=\/wp\/v2\/posts\/9520\/revisions"}],"predecessor-version":[{"id":9522,"href":"https:\/\/mfc08.de\/index.php?rest_route=\/wp\/v2\/posts\/9520\/revisions\/9522"}],"wp:featuredmedia":[{"embeddable":true,"href":"https:\/\/mfc08.de\/index.php?rest_route=\/wp\/v2\/media\/9521"}],"wp:attachment":[{"href":"https:\/\/mfc08.de\/index.php?rest_route=%2Fwp%2Fv2%2Fmedia&parent=9520"}],"wp:term":[{"taxonomy":"category","embeddable":true,"href":"https:\/\/mfc08.de\/index.php?rest_route=%2Fwp%2Fv2%2Fcategories&post=9520"},{"taxonomy":"post_tag","embeddable":true,"href":"https:\/\/mfc08.de\/index.php?rest_route=%2Fwp%2Fv2%2Ftags&post=9520"}],"curies":[{"name":"wp","href":"https:\/\/api.w.org\/{rel}","templated":true}]}}