{"id":9547,"date":"2025-08-31T19:41:47","date_gmt":"2025-08-31T19:41:47","guid":{"rendered":"https:\/\/mfc08.de\/?p=9547"},"modified":"2025-08-31T19:41:49","modified_gmt":"2025-08-31T19:41:49","slug":"tennis-turnier-der-ah","status":"publish","type":"post","link":"https:\/\/mfc08.de\/?p=9547","title":{"rendered":"Tennis-Turnier der AH"},"content":{"rendered":"\n<p>Am Samstag trafen sich 10 AH-Kicker um ausnahmsweise mal nicht dem Lederball nachzulaufen, sondern ihr K\u00f6nnen mit den kleineren Tennis-B\u00e4llen unter Beweis zu stellen. Um wie geplant immer 3 Doppel gleichzeitig spielen zu k\u00f6nnen hatten wir schon im Vorfeld Ralf wieder als Gast eingeladen. &nbsp;Ein ganz besonderer Dank geht hier noch an Leon und Franka, die ganz kurzfristig eingesprungen sind und es somit erm\u00f6glichten, den durch KI generierten Spielplan wirklich spielen zu k\u00f6nnen. Jeder Spieler bestritt 6 Spiele a 25 Minuten mit immer wechselnden Partnern. Das war ein sehr ambitioniertes Programm und der ein oder andere Teilnehmer konnte am Sonntag noch die Nachwirkungen versp\u00fcren. Nach fast 4 Stunden mit zahlreichen hochklassigen Ballwechseln, aber auch der ein oder anderen Slapstick-Einlage stand Dietmar als Gewinner des von Flo gestifteten 08-Wanderpokal fest.<\/p>\n\n\n\n<p>Alle Teilnehmer waren sich einig, dass wir dieses Turnier zu einer j\u00e4hrlichen festen Einrichtung werden lassen sollten. Und auch unser Senad konnte sich auf der Terrasse nach dem Turnier \u00fcber einige hungrige und durstige G\u00e4ste freuen, die bis in den sp\u00e4ten Abend das Geschehene noch einmal Revue passieren lie\u00dfen und den erlebten Fl\u00fcssigkeitsverlust wieder ausgleichen mussten.\u00a0\u00a0\u00a0\u00a0\u00a0\u00a0\u00a0<\/p>\n","protected":false},"excerpt":{"rendered":"<p>Am Samstag trafen sich 10 AH-Kicker um ausnahmsweise mal nicht dem Lederball nachzulaufen, sondern ihr K\u00f6nnen mit den kleineren Tennis-B\u00e4llen unter Beweis zu stellen. Um wie geplant immer 3 Doppel gleichzeitig spielen zu k\u00f6nnen hatten wir schon im Vorfeld Ralf wieder als Gast eingeladen. &nbsp;Ein ganz besonderer Dank geht hier noch an Leon und Franka,&hellip;&nbsp;<a href=\"https:\/\/mfc08.de\/?p=9547\" rel=\"bookmark\">Weiterlesen &raquo;<span class=\"screen-reader-text\">Tennis-Turnier der AH<\/span><\/a><\/p>\n","protected":false},"author":5,"featured_media":9548,"comment_status":"closed","ping_status":"closed","sticky":false,"template":"","format":"standard","meta":{"neve_meta_sidebar":"","neve_meta_container":"","neve_meta_enable_content_width":"","neve_meta_content_width":0,"neve_meta_title_alignment":"","neve_meta_author_avatar":"","neve_post_elements_order":"","neve_meta_disable_header":"","neve_meta_disable_footer":"","neve_meta_disable_title":"","_themeisle_gutenberg_block_has_review":false,"footnotes":""},"categories":[9],"tags":[],"class_list":["post-9547","post","type-post","status-publish","format-standard","has-post-thumbnail","hentry","category-ah"],"_links":{"self":[{"href":"https:\/\/mfc08.de\/index.php?rest_route=\/wp\/v2\/posts\/9547","targetHints":{"allow":["GET"]}}],"collection":[{"href":"https:\/\/mfc08.de\/index.php?rest_route=\/wp\/v2\/posts"}],"about":[{"href":"https:\/\/mfc08.de\/index.php?rest_route=\/wp\/v2\/types\/post"}],"author":[{"embeddable":true,"href":"https:\/\/mfc08.de\/index.php?rest_route=\/wp\/v2\/users\/5"}],"replies":[{"embeddable":true,"href":"https:\/\/mfc08.de\/index.php?rest_route=%2Fwp%2Fv2%2Fcomments&post=9547"}],"version-history":[{"count":1,"href":"https:\/\/mfc08.de\/index.php?rest_route=\/wp\/v2\/posts\/9547\/revisions"}],"predecessor-version":[{"id":9549,"href":"https:\/\/mfc08.de\/index.php?rest_route=\/wp\/v2\/posts\/9547\/revisions\/9549"}],"wp:featuredmedia":[{"embeddable":true,"href":"https:\/\/mfc08.de\/index.php?rest_route=\/wp\/v2\/media\/9548"}],"wp:attachment":[{"href":"https:\/\/mfc08.de\/index.php?rest_route=%2Fwp%2Fv2%2Fmedia&parent=9547"}],"wp:term":[{"taxonomy":"category","embeddable":true,"href":"https:\/\/mfc08.de\/index.php?rest_route=%2Fwp%2Fv2%2Fcategories&post=9547"},{"taxonomy":"post_tag","embeddable":true,"href":"https:\/\/mfc08.de\/index.php?rest_route=%2Fwp%2Fv2%2Ftags&post=9547"}],"curies":[{"name":"wp","href":"https:\/\/api.w.org\/{rel}","templated":true}]}}